{"id":171138,"date":"2022-05-28T06:19:52","date_gmt":"2022-05-28T10:19:52","guid":{"rendered":"https:\/\/mspontocom.com.br\/site\/?p=171138"},"modified":"2022-05-28T06:19:52","modified_gmt":"2022-05-28T10:19:52","slug":"58-defendem-atuacao-das-forcas-armadas-nas-eleicoes-diz-datafolha","status":"publish","type":"post","link":"https:\/\/mspontocom.com.br\/site\/58-defendem-atuacao-das-forcas-armadas-nas-eleicoes-diz-datafolha\/","title":{"rendered":"58% defendem atua\u00e7\u00e3o das For\u00e7as Armadas nas elei\u00e7\u00f5es, diz Datafolha"},"content":{"rendered":"<p style=\"text-align: justify;\"><img loading=\"lazy\" class=\"alignnone size-full wp-image-171148\" src=\"https:\/\/mspontocom.com.br\/site\/wp-content\/uploads\/2022\/05\/site-58-defendem-atuacao-das-forcas-armadas-nas-eleicoes-diz-datafolha-exercito-urnas-divulgacao-comando-militar-sul-e1653733089649.jpg\" alt=\"\" width=\"588\" height=\"312\" srcset=\"https:\/\/mspontocom.com.br\/site\/wp-content\/uploads\/2022\/05\/site-58-defendem-atuacao-das-forcas-armadas-nas-eleicoes-diz-datafolha-exercito-urnas-divulgacao-comando-militar-sul-e1653733089649.jpg 588w, https:\/\/mspontocom.com.br\/site\/wp-content\/uploads\/2022\/05\/site-58-defendem-atuacao-das-forcas-armadas-nas-eleicoes-diz-datafolha-exercito-urnas-divulgacao-comando-militar-sul-e1653733089649-260x138.jpg 260w\" sizes=\"(max-width: 588px) 100vw, 588px\" \/><\/p>\n<p style=\"text-align: justify;\">Mais da metade da popula\u00e7\u00e3o afirma concordar com a participa\u00e7\u00e3o das <strong>For\u00e7as Armadas<\/strong> na contagem dos votos da elei\u00e7\u00e3o.<\/p>\n<p style=\"text-align: justify;\">Segundo pesquisa<strong> Datafolha,<\/strong> 58% dos eleitores responderam concordar totalmente (45%) ou em parte (13%) com a afirma\u00e7\u00e3o de que os militares devem ter um papel na totaliza\u00e7\u00e3o dos votos.<\/p>\n<p style=\"text-align: justify;\">A participa\u00e7\u00e3o das For\u00e7as Armadas na aferi\u00e7\u00e3o do resultado da elei\u00e7\u00e3o foi uma sugest\u00e3o do presidente <strong>Jair Bolsonaro<\/strong> (PL) .<\/p>\n<p style=\"text-align: justify;\">A pesquisa mostra que 7% dos eleitores discordam em parte da participa\u00e7\u00e3o dos militares, enquanto 33% discordam totalmente. Outros 2% n\u00e3o sabem e 1% diz n\u00e3o concordar nem discordar.<\/p>\n<p style=\"text-align: justify;\">O Datafolha ouviu 2.556 pessoas presencialmente em 181 cidades do pa\u00eds nesta quarta (25) e quinta (26).<\/p>\n<p style=\"text-align: justify;\">A pesquisa, contratada pela Folha de S.Paulo, tem margem de erro de dois pontos percentuais para mais ou para menos e est\u00e1 registrada no TSE com o n\u00famero BR-05166\/2022.<\/p>\n","protected":false},"excerpt":{"rendered":"<p>Mais da metade da popula\u00e7\u00e3o afirma concordar com a participa\u00e7\u00e3o das For\u00e7as Armadas na contagem dos votos da elei\u00e7\u00e3o. Segundo pesquisa Datafolha, 58% dos eleitores responderam concordar totalmente (45%) ou em parte (13%) com a afirma\u00e7\u00e3o de que os militares devem ter um papel na totaliza\u00e7\u00e3o dos votos. A participa\u00e7\u00e3o das For\u00e7as Armadas na aferi\u00e7\u00e3o [&hellip;]<\/p>\n","protected":false},"author":2,"featured_media":171148,"comment_status":"open","ping_status":"open","sticky":false,"template":"","format":"standard","meta":{"_monsterinsights_skip_tracking":false,"_monsterinsights_sitenote_active":false,"_monsterinsights_sitenote_note":"","_monsterinsights_sitenote_category":0},"categories":[6,30260,30259],"tags":[8552,1887,1735],"aioseo_notices":[],"_links":{"self":[{"href":"https:\/\/mspontocom.com.br\/site\/wp-json\/wp\/v2\/posts\/171138"}],"collection":[{"href":"https:\/\/mspontocom.com.br\/site\/wp-json\/wp\/v2\/posts"}],"about":[{"href":"https:\/\/mspontocom.com.br\/site\/wp-json\/wp\/v2\/types\/post"}],"author":[{"embeddable":true,"href":"https:\/\/mspontocom.com.br\/site\/wp-json\/wp\/v2\/users\/2"}],"replies":[{"embeddable":true,"href":"https:\/\/mspontocom.com.br\/site\/wp-json\/wp\/v2\/comments?post=171138"}],"version-history":[{"count":2,"href":"https:\/\/mspontocom.com.br\/site\/wp-json\/wp\/v2\/posts\/171138\/revisions"}],"predecessor-version":[{"id":171149,"href":"https:\/\/mspontocom.com.br\/site\/wp-json\/wp\/v2\/posts\/171138\/revisions\/171149"}],"wp:featuredmedia":[{"embeddable":true,"href":"https:\/\/mspontocom.com.br\/site\/wp-json\/wp\/v2\/media\/171148"}],"wp:attachment":[{"href":"https:\/\/mspontocom.com.br\/site\/wp-json\/wp\/v2\/media?parent=171138"}],"wp:term":[{"taxonomy":"category","embeddable":true,"href":"https:\/\/mspontocom.com.br\/site\/wp-json\/wp\/v2\/categories?post=171138"},{"taxonomy":"post_tag","embeddable":true,"href":"https:\/\/mspontocom.com.br\/site\/wp-json\/wp\/v2\/tags?post=171138"}],"curies":[{"name":"wp","href":"https:\/\/api.w.org\/{rel}","templated":true}]}}