{"id":171140,"date":"2022-05-28T06:14:37","date_gmt":"2022-05-28T10:14:37","guid":{"rendered":"https:\/\/mspontocom.com.br\/site\/?p=171140"},"modified":"2022-05-28T06:14:37","modified_gmt":"2022-05-28T10:14:37","slug":"fhc-e-serra-ja-nao-descartam-apoio-a-lula","status":"publish","type":"post","link":"https:\/\/mspontocom.com.br\/site\/fhc-e-serra-ja-nao-descartam-apoio-a-lula\/","title":{"rendered":"FHC e SERRA j\u00e1 n\u00e3o descartam apoio a Lula"},"content":{"rendered":"<p class=\"first-paragraph\" style=\"text-align: justify;\"><img loading=\"lazy\" class=\"alignnone size-full wp-image-171146\" src=\"https:\/\/mspontocom.com.br\/site\/wp-content\/uploads\/2022\/05\/site-fhc-e-serra-ja-nao-descartam-apoio-a-lula-fhc.jpg\" alt=\"\" width=\"680\" height=\"453\" srcset=\"https:\/\/mspontocom.com.br\/site\/wp-content\/uploads\/2022\/05\/site-fhc-e-serra-ja-nao-descartam-apoio-a-lula-fhc.jpg 680w, https:\/\/mspontocom.com.br\/site\/wp-content\/uploads\/2022\/05\/site-fhc-e-serra-ja-nao-descartam-apoio-a-lula-fhc-260x173.jpg 260w\" sizes=\"(max-width: 680px) 100vw, 680px\" \/><\/p>\n<p class=\"first-paragraph\" style=\"text-align: justify;\">Velhos advers\u00e1rios em disputas polarizadas \u00e0 Presid\u00eancia da Rep\u00fablica, lideran\u00e7as do <strong>PT<\/strong> e do<strong> PSDB<\/strong> come\u00e7am a construir pontes, mesmo discretas, nestas elei\u00e7\u00f5es.<\/p>\n<p class=\"first-paragraph\" style=\"text-align: justify;\">Quadros hist\u00f3ricos do partido como o ex-presidente <strong>Fernando Henrique Cardoso<\/strong> e o senador de S\u00e3o Paulo <strong>Jos\u00e9 Serra<\/strong> quando perguntados pelo\u00a0<strong>Congresso em Foco<\/strong>\u00a0sobre um eventual apoio \u00e0 candidatura de Lula \u2013 seja no primeiro, ou em um eventual segundo turno \u2013 n\u00e3o descartam o nome do petista.<\/p>\n<p style=\"text-align: justify;\">\u201cEu defendo que o PSDB tenha um candidato pr\u00f3prio. Eu acho prematuro falar disso agora [sobre um apoio a Lula]\u201d, disse Jos\u00e9 Serra.<\/p>\n<p style=\"text-align: justify;\">As especula\u00e7\u00f5es em torno da aproxima\u00e7\u00e3o entre petistas e tucanos \u2013 inimagin\u00e1vel tempos atr\u00e1s \u2013 come\u00e7ou ap\u00f3s o ex-governador de S\u00e3o Paulo <strong>Jo\u00e3o Doria<\/strong>, do PSDB, retirar sua pr\u00e9-candidatura \u00e0 Presid\u00eancia.<\/p>\n<p style=\"text-align: justify;\">O ex-presidente<strong> Lula<\/strong> fez sua parte: ligou para o ex-presidente Fernando Henrique Cardoso para tratar do cen\u00e1rio pol\u00edtico e a posi\u00e7\u00e3o dos tucanos.<\/p>\n<p style=\"text-align: justify;\">Aos aliados, Lula disse que \u00e9 preciso respeitar o tempo do PSDB ap\u00f3s a queda de Jo\u00e3o Doria.<\/p>\n<p style=\"text-align: justify;\">H\u00e1 uma movimenta\u00e7\u00e3o de tucanos e aliados do ex-presidente Lula para um encontro entre os dois \u2013 eles j\u00e1 estiveram juntos na campanha em que o petista o apoiou FHC ao Senado, em 1978, e n\u00e3o acham essa miss\u00e3o imposs\u00edvel de se repetir em 2022.<\/p>\n<p style=\"text-align: justify;\">Al\u00e9m disso, o ex-governador <strong>Geraldo Alckmin<\/strong>, quadro hist\u00f3rico do PSDB, j\u00e1 \u00e9 o atual vice de Lula pelo PSB.<\/p>\n<p style=\"text-align: justify;\">\n","protected":false},"excerpt":{"rendered":"<p>Velhos advers\u00e1rios em disputas polarizadas \u00e0 Presid\u00eancia da Rep\u00fablica, lideran\u00e7as do PT e do PSDB come\u00e7am a construir pontes, mesmo discretas, nestas elei\u00e7\u00f5es. Quadros hist\u00f3ricos do partido como o ex-presidente Fernando Henrique Cardoso e o senador de S\u00e3o Paulo Jos\u00e9 Serra quando perguntados pelo\u00a0Congresso em Foco\u00a0sobre um eventual apoio \u00e0 candidatura de Lula \u2013 seja [&hellip;]<\/p>\n","protected":false},"author":2,"featured_media":171146,"comment_status":"open","ping_status":"open","sticky":false,"template":"","format":"standard","meta":{"_monsterinsights_skip_tracking":false,"_monsterinsights_sitenote_active":false,"_monsterinsights_sitenote_note":"","_monsterinsights_sitenote_category":0},"categories":[12],"tags":[3546,860,480,532,533,3553],"aioseo_notices":[],"_links":{"self":[{"href":"https:\/\/mspontocom.com.br\/site\/wp-json\/wp\/v2\/posts\/171140"}],"collection":[{"href":"https:\/\/mspontocom.com.br\/site\/wp-json\/wp\/v2\/posts"}],"about":[{"href":"https:\/\/mspontocom.com.br\/site\/wp-json\/wp\/v2\/types\/post"}],"author":[{"embeddable":true,"href":"https:\/\/mspontocom.com.br\/site\/wp-json\/wp\/v2\/users\/2"}],"replies":[{"embeddable":true,"href":"https:\/\/mspontocom.com.br\/site\/wp-json\/wp\/v2\/comments?post=171140"}],"version-history":[{"count":2,"href":"https:\/\/mspontocom.com.br\/site\/wp-json\/wp\/v2\/posts\/171140\/revisions"}],"predecessor-version":[{"id":171147,"href":"https:\/\/mspontocom.com.br\/site\/wp-json\/wp\/v2\/posts\/171140\/revisions\/171147"}],"wp:featuredmedia":[{"embeddable":true,"href":"https:\/\/mspontocom.com.br\/site\/wp-json\/wp\/v2\/media\/171146"}],"wp:attachment":[{"href":"https:\/\/mspontocom.com.br\/site\/wp-json\/wp\/v2\/media?parent=171140"}],"wp:term":[{"taxonomy":"category","embeddable":true,"href":"https:\/\/mspontocom.com.br\/site\/wp-json\/wp\/v2\/categories?post=171140"},{"taxonomy":"post_tag","embeddable":true,"href":"https:\/\/mspontocom.com.br\/site\/wp-json\/wp\/v2\/tags?post=171140"}],"curies":[{"name":"wp","href":"https:\/\/api.w.org\/{rel}","templated":true}]}}