{"id":171181,"date":"2022-05-30T06:37:32","date_gmt":"2022-05-30T10:37:32","guid":{"rendered":"https:\/\/mspontocom.com.br\/site\/?p=171181"},"modified":"2022-05-30T06:37:32","modified_gmt":"2022-05-30T10:37:32","slug":"editorial-nao-basta-mentir-lula-quer-proibir-a-verdade","status":"publish","type":"post","link":"https:\/\/mspontocom.com.br\/site\/editorial-nao-basta-mentir-lula-quer-proibir-a-verdade\/","title":{"rendered":"EDITORIAL: N\u00e3o basta mentir. Lula quer proibir a verdade"},"content":{"rendered":"<p><strong><img loading=\"lazy\" class=\"alignnone size-large wp-image-171182\" src=\"https:\/\/mspontocom.com.br\/site\/wp-content\/uploads\/2022\/05\/site-editorial-nao-basta-mentir-lula-quer-proibir-a-verdade-lula-raiva-1024x576.jpg\" alt=\"\" width=\"1024\" height=\"576\" \/>J. R. Guzzo, publicado no jornal<\/strong><em><strong>\u00a0O Estado de S. Paulo\u00a0<\/strong><\/em><strong>em 29 de maio de 2022<\/strong><\/p>\n<p style=\"text-align: justify;\">O ex-presidente Lula, depois de muitos desgostos com as varas criminais deste Pa\u00eds, mudou mesmo de vida: hoje \u00e9 o f\u00e3 n\u00famero 1 da Justi\u00e7a brasileira. \u00c9 compreens\u00edvel.<\/p>\n<p style=\"text-align: justify;\">Nossos magistrados, principalmente os que ocupam cargos supremos, introduziram uma doutrina at\u00e9 ent\u00e3o desconhecida no direito universal; segundo essa nova vertente da ci\u00eancia jur\u00eddica, se um cidad\u00e3o se chama \u201cLula\u201d, e se \u00e9 candidato \u00e0 Presid\u00eancia da Rep\u00fablica, todas as decis\u00f5es judiciais devem ser a seu favor.<\/p>\n<p style=\"text-align: justify;\">O resultado \u00e9 que Lula desandou a correr para a Justi\u00e7a a cada vez que tem uma contrariedade, ou simplesmente quer alguma coisa em seu favor. Por que n\u00e3o, se h\u00e1 uma lei n\u00e3o escrita dizendo que ele sempre tem raz\u00e3o?<\/p>\n<p style=\"text-align: justify;\"><strong><a href=\"https:\/\/revistaoeste.com\/politica\/bolsonaro-diz-que-fachin-soltou-lula-para-petista-voltar-a-ser-presidente\/\">A Justi\u00e7a j\u00e1 anulou as quatro a\u00e7\u00f5es penais que havia contra Lula<\/a><\/strong>, inclusive a da sua condena\u00e7\u00e3o por corrup\u00e7\u00e3o e lavagem de dinheiro, decis\u00e3o tomada em tr\u00eas inst\u00e2ncias e por nove ju\u00edzes diferentes.<\/p>\n<p style=\"text-align: justify;\">Declarou que o culpado, em seu processo, n\u00e3o \u00e9 ele \u2014 \u00e9 o juiz que o condenou, por infra\u00e7\u00e3o \u00e0 doutrina mencionada acima.<\/p>\n<p style=\"text-align: justify;\">Puniu com o pagamento de indeniza\u00e7\u00e3o o procurador que teve a incumb\u00eancia legal de fazer a den\u00fancia contra ele. Liberou a utiliza\u00e7\u00e3o, contra ambos, de material obtido atrav\u00e9s de atividades criminosas. Enfim: tornou-se um crime, no Brasil, processar e condenar Lula.<\/p>\n<div class=\"ad-wrap ad-\">\n<div id=\"div-gam-materia_2\" class=\"jms-ad\" data-slot-id=\"div-gam-materia_2\" data-google-query-id=\"COKVi8aCh_gCFaKMlQIdE20F1Q\">\n<div id=\"google_ads_iframe_\/22388345455\/materia_2_0__container__\" style=\"text-align: justify;\">O ex-presidente, nessa balada, vai crescendo a cada dia \u2014 quer, agora, usar a Justi\u00e7a brasileira para fazer censura contra cr\u00edticas que receber durante a campanha eleitoral, ou para calar os seus advers\u00e1rios.<\/div>\n<div style=\"text-align: justify;\"><\/div>\n<div style=\"text-align: justify;\">Por exemplo: est\u00e1 processando por \u201cpropaganda eleitoral antecipada negativa\u201d, delito do qual ningu\u00e9m jamais tinha ouvido falar at\u00e9 hoje no Brasil e no mundo, a n\u00e3o ser no\u00a0<strong><a href=\"https:\/\/www.tse.jus.br\/\">TSE<\/a><\/strong>, os autores de postagens nas redes sociais que reproduzem trechos de depoimentos da Lava Jato com a sua musiquinha \u201cLula L\u00e1\u201d ao fundo.<\/div>\n<div style=\"text-align: justify;\"><\/div>\n<div style=\"text-align: justify;\">N\u00e3o pode, segundo seus advogados. Como assim? Os depoimentos s\u00e3o p\u00fablicos. Est\u00e3o querendo proibir a realidade?<\/div>\n<\/div>\n<\/div>\n","protected":false},"excerpt":{"rendered":"<p>J. R. Guzzo, publicado no jornal\u00a0O Estado de S. Paulo\u00a0em 29 de maio de 2022 O ex-presidente Lula, depois de muitos desgostos com as varas criminais deste Pa\u00eds, mudou mesmo de vida: hoje \u00e9 o f\u00e3 n\u00famero 1 da Justi\u00e7a brasileira. \u00c9 compreens\u00edvel. Nossos magistrados, principalmente os que ocupam cargos supremos, introduziram uma doutrina at\u00e9 [&hellip;]<\/p>\n","protected":false},"author":2,"featured_media":171182,"comment_status":"open","ping_status":"open","sticky":false,"template":"","format":"standard","meta":{"_monsterinsights_skip_tracking":false,"_monsterinsights_sitenote_active":false,"_monsterinsights_sitenote_note":"","_monsterinsights_sitenote_category":0},"categories":[30260,30259,12],"tags":[25501,37978],"aioseo_notices":[],"_links":{"self":[{"href":"https:\/\/mspontocom.com.br\/site\/wp-json\/wp\/v2\/posts\/171181"}],"collection":[{"href":"https:\/\/mspontocom.com.br\/site\/wp-json\/wp\/v2\/posts"}],"about":[{"href":"https:\/\/mspontocom.com.br\/site\/wp-json\/wp\/v2\/types\/post"}],"author":[{"embeddable":true,"href":"https:\/\/mspontocom.com.br\/site\/wp-json\/wp\/v2\/users\/2"}],"replies":[{"embeddable":true,"href":"https:\/\/mspontocom.com.br\/site\/wp-json\/wp\/v2\/comments?post=171181"}],"version-history":[{"count":1,"href":"https:\/\/mspontocom.com.br\/site\/wp-json\/wp\/v2\/posts\/171181\/revisions"}],"predecessor-version":[{"id":171183,"href":"https:\/\/mspontocom.com.br\/site\/wp-json\/wp\/v2\/posts\/171181\/revisions\/171183"}],"wp:featuredmedia":[{"embeddable":true,"href":"https:\/\/mspontocom.com.br\/site\/wp-json\/wp\/v2\/media\/171182"}],"wp:attachment":[{"href":"https:\/\/mspontocom.com.br\/site\/wp-json\/wp\/v2\/media?parent=171181"}],"wp:term":[{"taxonomy":"category","embeddable":true,"href":"https:\/\/mspontocom.com.br\/site\/wp-json\/wp\/v2\/categories?post=171181"},{"taxonomy":"post_tag","embeddable":true,"href":"https:\/\/mspontocom.com.br\/site\/wp-json\/wp\/v2\/tags?post=171181"}],"curies":[{"name":"wp","href":"https:\/\/api.w.org\/{rel}","templated":true}]}}