{"id":171195,"date":"2022-05-30T14:27:41","date_gmt":"2022-05-30T18:27:41","guid":{"rendered":"https:\/\/mspontocom.com.br\/site\/?p=171195"},"modified":"2022-05-30T14:24:24","modified_gmt":"2022-05-30T18:24:24","slug":"59-sao-contra-liberacao-do-aborto-no-brasil-diz-poderdata","status":"publish","type":"post","link":"https:\/\/mspontocom.com.br\/site\/59-sao-contra-liberacao-do-aborto-no-brasil-diz-poderdata\/","title":{"rendered":"59% s\u00e3o contra libera\u00e7\u00e3o do aborto no Brasil, diz PoderData"},"content":{"rendered":"<p style=\"text-align: justify;\"><strong><img loading=\"lazy\" class=\"alignnone size-full wp-image-171196\" src=\"https:\/\/mspontocom.com.br\/site\/wp-content\/uploads\/2022\/05\/site-59-sao-contra-liberacao-do-aborto-no-brasil-diz-poderdata-bandeira-brasil-sem-aborto-740x436-dc5aba06-2.jpg\" alt=\"\" width=\"740\" height=\"436\" srcset=\"https:\/\/mspontocom.com.br\/site\/wp-content\/uploads\/2022\/05\/site-59-sao-contra-liberacao-do-aborto-no-brasil-diz-poderdata-bandeira-brasil-sem-aborto-740x436-dc5aba06-2.jpg 740w, https:\/\/mspontocom.com.br\/site\/wp-content\/uploads\/2022\/05\/site-59-sao-contra-liberacao-do-aborto-no-brasil-diz-poderdata-bandeira-brasil-sem-aborto-740x436-dc5aba06-2-260x153.jpg 260w\" sizes=\"(max-width: 740px) 100vw, 740px\" \/>Pesquisa PoderData<\/strong> realizada de 22 a 24 de maio de 2022 mostra que 59% da popula\u00e7\u00e3o brasileira s\u00e3o contra uma poss\u00edvel descriminaliza\u00e7\u00e3o do aborto no pa\u00eds.<\/p>\n<p style=\"text-align: justify;\">A taxa teve oscila\u00e7\u00e3o de 4 pontos percentuais para cima, no limite da margem de erro, desde o \u00faltimo levantamento, de janeiro.<\/p>\n<p style=\"text-align: justify;\">A parcela dos que s\u00e3o favor\u00e1veis \u00e0 libera\u00e7\u00e3o do aborto \u00e9 de 24%. Trata-se do mesmo percentual registrado na rodada passada. Os que n\u00e3o sabem somam 17% \u2013ante 20% h\u00e1 5 meses.<\/p>\n<p style=\"text-align: justify;\">Entre os homens, 62% s\u00e3o contr\u00e1rios \u00e0 legaliza\u00e7\u00e3o do aborto. Esse percentual entre as mulheres desce a 56%.<\/p>\n<p>No Brasil, <strong>o aborto \u00e9 considerado crime,<\/strong> exceto se a gravidez for resultado de um estupro ou se a m\u00e3e corre risco de vida.<\/p>\n<p>A pesquisa foi realizada pelo\u00a0PoderData.<\/p>\n<p style=\"text-align: justify;\">Os dados foram coletados de 22 a 24 de maio de 2022, por meio de liga\u00e7\u00f5es para celulares e telefones fixos.<\/p>\n<p style=\"text-align: justify;\">Foram 3.000 entrevistas em 301 munic\u00edpios nas 27 unidades da Federa\u00e7\u00e3o. A margem de erro \u00e9 de 2 pontos percentuais. O intervalo de confian\u00e7a \u00e9 de 95%. O registro no TSE \u00e9 BR-05638\/2022.<\/p>\n","protected":false},"excerpt":{"rendered":"<p>Pesquisa PoderData realizada de 22 a 24 de maio de 2022 mostra que 59% da popula\u00e7\u00e3o brasileira s\u00e3o contra uma poss\u00edvel descriminaliza\u00e7\u00e3o do aborto no pa\u00eds. A taxa teve oscila\u00e7\u00e3o de 4 pontos percentuais para cima, no limite da margem de erro, desde o \u00faltimo levantamento, de janeiro. A parcela dos que s\u00e3o favor\u00e1veis \u00e0 [&hellip;]<\/p>\n","protected":false},"author":2,"featured_media":171196,"comment_status":"open","ping_status":"open","sticky":false,"template":"","format":"standard","meta":{"_monsterinsights_skip_tracking":false,"_monsterinsights_sitenote_active":false,"_monsterinsights_sitenote_note":"","_monsterinsights_sitenote_category":0},"categories":[6],"tags":[23275,30254,733],"aioseo_notices":[],"_links":{"self":[{"href":"https:\/\/mspontocom.com.br\/site\/wp-json\/wp\/v2\/posts\/171195"}],"collection":[{"href":"https:\/\/mspontocom.com.br\/site\/wp-json\/wp\/v2\/posts"}],"about":[{"href":"https:\/\/mspontocom.com.br\/site\/wp-json\/wp\/v2\/types\/post"}],"author":[{"embeddable":true,"href":"https:\/\/mspontocom.com.br\/site\/wp-json\/wp\/v2\/users\/2"}],"replies":[{"embeddable":true,"href":"https:\/\/mspontocom.com.br\/site\/wp-json\/wp\/v2\/comments?post=171195"}],"version-history":[{"count":2,"href":"https:\/\/mspontocom.com.br\/site\/wp-json\/wp\/v2\/posts\/171195\/revisions"}],"predecessor-version":[{"id":171198,"href":"https:\/\/mspontocom.com.br\/site\/wp-json\/wp\/v2\/posts\/171195\/revisions\/171198"}],"wp:featuredmedia":[{"embeddable":true,"href":"https:\/\/mspontocom.com.br\/site\/wp-json\/wp\/v2\/media\/171196"}],"wp:attachment":[{"href":"https:\/\/mspontocom.com.br\/site\/wp-json\/wp\/v2\/media?parent=171195"}],"wp:term":[{"taxonomy":"category","embeddable":true,"href":"https:\/\/mspontocom.com.br\/site\/wp-json\/wp\/v2\/categories?post=171195"},{"taxonomy":"post_tag","embeddable":true,"href":"https:\/\/mspontocom.com.br\/site\/wp-json\/wp\/v2\/tags?post=171195"}],"curies":[{"name":"wp","href":"https:\/\/api.w.org\/{rel}","templated":true}]}}