{"id":171200,"date":"2022-05-31T15:45:31","date_gmt":"2022-05-31T19:45:31","guid":{"rendered":"https:\/\/mspontocom.com.br\/site\/?p=171200"},"modified":"2022-05-31T15:25:51","modified_gmt":"2022-05-31T19:25:51","slug":"bolsonaro-critica-alexandre-de-moraes-por-travar-a-industria-no-brasil","status":"publish","type":"post","link":"https:\/\/mspontocom.com.br\/site\/bolsonaro-critica-alexandre-de-moraes-por-travar-a-industria-no-brasil\/","title":{"rendered":"Bolsonaro critica Alexandre de Moraes por travar a ind\u00fastria no Brasil"},"content":{"rendered":"<p style=\"text-align: justify;\"><img loading=\"lazy\" class=\"alignnone size-full wp-image-171210\" src=\"https:\/\/mspontocom.com.br\/site\/wp-content\/uploads\/2022\/05\/site-bolsonaro-critica-alexandre-de-moraes-por-travar-a-industria-no-brasil-imbecil-e1653993047752.jpeg\" alt=\"\" width=\"668\" height=\"357\" srcset=\"https:\/\/mspontocom.com.br\/site\/wp-content\/uploads\/2022\/05\/site-bolsonaro-critica-alexandre-de-moraes-por-travar-a-industria-no-brasil-imbecil-e1653993047752.jpeg 668w, https:\/\/mspontocom.com.br\/site\/wp-content\/uploads\/2022\/05\/site-bolsonaro-critica-alexandre-de-moraes-por-travar-a-industria-no-brasil-imbecil-e1653993047752-260x139.jpeg 260w\" sizes=\"(max-width: 668px) 100vw, 668px\" \/><\/p>\n<p style=\"text-align: justify;\">O presidente<strong> Jair Bolsonaro<\/strong> (PL) voltou a criticar o ministro <strong>Alexandre de Moraes<\/strong>, do STF,\u00a0 desta vez por causa de uma liminar concedida pelo magistrado que suspendeu o corte do IPI para produtos produzidos no Pa\u00eds como um todo, incluindo os que s\u00e3o fabricados na Zona Franca de Manaus.<\/p>\n<p style=\"text-align: justify;\">As declara\u00e7\u00f5es do chefe do Executivo foram dadas durante entrevista ao programa Alerta Nacional, da Rede TV.<\/p>\n<p style=\"text-align: justify;\">&#8220;Qualquer coisa que entra na m\u00e3o do Alexandre Moraes, ele d\u00e1 contra mim. O que queremos com a redu\u00e7\u00e3o do IPI? <strong>A reindustrializa\u00e7\u00e3o do Brasil&#8221;<\/strong>. ,declarou o presidente.<\/p>\n<p style=\"text-align: justify;\">Bolsonaro tamb\u00e9m criticou uma fala do senador<strong> Omar Aziz<\/strong> (PSD-AM), cr\u00edtico do governo do corte no IPI, e negou que a medida possa gerar desemprego no Amazonas.<\/p>\n<p style=\"text-align: justify;\">A liminar concedida por Moraes em 6 de maio suspendeu parte do decreto de Bolsonaro que havia ampliado de 25% para 35% a redu\u00e7\u00e3o de al\u00edquotas do IPI.<\/p>\n","protected":false},"excerpt":{"rendered":"<p>O presidente Jair Bolsonaro (PL) voltou a criticar o ministro Alexandre de Moraes, do STF,\u00a0 desta vez por causa de uma liminar concedida pelo magistrado que suspendeu o corte do IPI para produtos produzidos no Pa\u00eds como um todo, incluindo os que s\u00e3o fabricados na Zona Franca de Manaus. As declara\u00e7\u00f5es do chefe do Executivo [&hellip;]<\/p>\n","protected":false},"author":2,"featured_media":171210,"comment_status":"open","ping_status":"open","sticky":false,"template":"","format":"standard","meta":{"_monsterinsights_skip_tracking":false,"_monsterinsights_sitenote_active":false,"_monsterinsights_sitenote_note":"","_monsterinsights_sitenote_category":0},"categories":[6,30260,30259],"tags":[26336,21017,695],"aioseo_notices":[],"_links":{"self":[{"href":"https:\/\/mspontocom.com.br\/site\/wp-json\/wp\/v2\/posts\/171200"}],"collection":[{"href":"https:\/\/mspontocom.com.br\/site\/wp-json\/wp\/v2\/posts"}],"about":[{"href":"https:\/\/mspontocom.com.br\/site\/wp-json\/wp\/v2\/types\/post"}],"author":[{"embeddable":true,"href":"https:\/\/mspontocom.com.br\/site\/wp-json\/wp\/v2\/users\/2"}],"replies":[{"embeddable":true,"href":"https:\/\/mspontocom.com.br\/site\/wp-json\/wp\/v2\/comments?post=171200"}],"version-history":[{"count":2,"href":"https:\/\/mspontocom.com.br\/site\/wp-json\/wp\/v2\/posts\/171200\/revisions"}],"predecessor-version":[{"id":171211,"href":"https:\/\/mspontocom.com.br\/site\/wp-json\/wp\/v2\/posts\/171200\/revisions\/171211"}],"wp:featuredmedia":[{"embeddable":true,"href":"https:\/\/mspontocom.com.br\/site\/wp-json\/wp\/v2\/media\/171210"}],"wp:attachment":[{"href":"https:\/\/mspontocom.com.br\/site\/wp-json\/wp\/v2\/media?parent=171200"}],"wp:term":[{"taxonomy":"category","embeddable":true,"href":"https:\/\/mspontocom.com.br\/site\/wp-json\/wp\/v2\/categories?post=171200"},{"taxonomy":"post_tag","embeddable":true,"href":"https:\/\/mspontocom.com.br\/site\/wp-json\/wp\/v2\/tags?post=171200"}],"curies":[{"name":"wp","href":"https:\/\/api.w.org\/{rel}","templated":true}]}}