{"id":171202,"date":"2022-05-31T16:00:48","date_gmt":"2022-05-31T20:00:48","guid":{"rendered":"https:\/\/mspontocom.com.br\/site\/?p=171202"},"modified":"2022-05-31T15:27:00","modified_gmt":"2022-05-31T19:27:00","slug":"uniao-brasil-libera-apoio-a-bolsonaro-mesmo-com-candidatura-de-bivar","status":"publish","type":"post","link":"https:\/\/mspontocom.com.br\/site\/uniao-brasil-libera-apoio-a-bolsonaro-mesmo-com-candidatura-de-bivar\/","title":{"rendered":"Uni\u00e3o Brasil libera apoio a Bolsonaro mesmo com candidatura de Bivar"},"content":{"rendered":"<p style=\"text-align: justify;\"><img loading=\"lazy\" class=\"alignnone size-large wp-image-171212\" src=\"https:\/\/mspontocom.com.br\/site\/wp-content\/uploads\/2022\/05\/site-uniao-brasil-libera-apoio-a-bolsonaro-mesmo-com-lancamento-de-pre-candidatura-de-bivar-uniao-1024x683.jpeg\" alt=\"\" width=\"1024\" height=\"683\" \/>O presidente do <strong>Uni\u00e3o Brasil,<\/strong> Luciano Bivar, vai lan\u00e7ar oficialmente sua pr\u00e9-candidatura ao Pal\u00e1cio do Planalto em ato nesta ter\u00e7a-feira, 31.<\/p>\n<p style=\"text-align: justify;\">\u00a0At\u00e9 mesmo em seu pr\u00f3prio partido, por\u00e9m, <strong>Bivar<\/strong> \u00e9 considerado um nome que entra no p\u00e1reo apenas para negociar a retirada mais adiante.<\/p>\n<p style=\"text-align: justify;\">Integrantes doUni\u00e3o Brasil\u00a0dizem que receberam <strong>aval do partido para apoiar o presidente Jair Bolsonaro<\/strong> logo no primeiro turno.<\/p>\n<p style=\"text-align: justify;\">Afirmam, ainda, que a ofensiva para ter Bivar como candidato reflete uma estrat\u00e9gia que tem como objetivo rachar a terceira via e auxiliar na tentativa de<strong>\u00a0reelei\u00e7\u00e3o de Bolsonaro<\/strong>.<\/p>\n<p style=\"text-align: justify;\">\u201cApoio ao Bolsonaro permanece. O acordo que fiz com o partido foi para que ele me deixasse livre para apoi\u00e1-lo\u201d, afirmou aoEstad\u00e3o\u00a0o governador do Amazonas, Wilson Lima.<\/p>\n<p style=\"text-align: justify;\">Inicialmente o Uni\u00e3o Brasil fazia parte do grupo da terceira via, composto pelo MDB, PSDB e Cidadania &#8211; legendas que se autointitularam como \u201ccentro democr\u00e1tico\u201d .<\/p>\n","protected":false},"excerpt":{"rendered":"<p>O presidente do Uni\u00e3o Brasil, Luciano Bivar, vai lan\u00e7ar oficialmente sua pr\u00e9-candidatura ao Pal\u00e1cio do Planalto em ato nesta ter\u00e7a-feira, 31. \u00a0At\u00e9 mesmo em seu pr\u00f3prio partido, por\u00e9m, Bivar \u00e9 considerado um nome que entra no p\u00e1reo apenas para negociar a retirada mais adiante. Integrantes doUni\u00e3o Brasil\u00a0dizem que receberam aval do partido para apoiar o [&hellip;]<\/p>\n","protected":false},"author":2,"featured_media":171212,"comment_status":"open","ping_status":"open","sticky":false,"template":"","format":"standard","meta":{"_monsterinsights_skip_tracking":false,"_monsterinsights_sitenote_active":false,"_monsterinsights_sitenote_note":"","_monsterinsights_sitenote_category":0},"categories":[30260,30259,12],"tags":[3546,37866,21017,37867],"aioseo_notices":[],"_links":{"self":[{"href":"https:\/\/mspontocom.com.br\/site\/wp-json\/wp\/v2\/posts\/171202"}],"collection":[{"href":"https:\/\/mspontocom.com.br\/site\/wp-json\/wp\/v2\/posts"}],"about":[{"href":"https:\/\/mspontocom.com.br\/site\/wp-json\/wp\/v2\/types\/post"}],"author":[{"embeddable":true,"href":"https:\/\/mspontocom.com.br\/site\/wp-json\/wp\/v2\/users\/2"}],"replies":[{"embeddable":true,"href":"https:\/\/mspontocom.com.br\/site\/wp-json\/wp\/v2\/comments?post=171202"}],"version-history":[{"count":2,"href":"https:\/\/mspontocom.com.br\/site\/wp-json\/wp\/v2\/posts\/171202\/revisions"}],"predecessor-version":[{"id":171213,"href":"https:\/\/mspontocom.com.br\/site\/wp-json\/wp\/v2\/posts\/171202\/revisions\/171213"}],"wp:featuredmedia":[{"embeddable":true,"href":"https:\/\/mspontocom.com.br\/site\/wp-json\/wp\/v2\/media\/171212"}],"wp:attachment":[{"href":"https:\/\/mspontocom.com.br\/site\/wp-json\/wp\/v2\/media?parent=171202"}],"wp:term":[{"taxonomy":"category","embeddable":true,"href":"https:\/\/mspontocom.com.br\/site\/wp-json\/wp\/v2\/categories?post=171202"},{"taxonomy":"post_tag","embeddable":true,"href":"https:\/\/mspontocom.com.br\/site\/wp-json\/wp\/v2\/tags?post=171202"}],"curies":[{"name":"wp","href":"https:\/\/api.w.org\/{rel}","templated":true}]}}