{"id":171285,"date":"2022-06-02T15:17:17","date_gmt":"2022-06-02T19:17:17","guid":{"rendered":"https:\/\/mspontocom.com.br\/site\/?p=171285"},"modified":"2022-06-02T14:46:06","modified_gmt":"2022-06-02T18:46:06","slug":"amnesia-dilma-sobre-alckmin-que-apoiou-impeachment-homem-decente","status":"publish","type":"post","link":"https:\/\/mspontocom.com.br\/site\/amnesia-dilma-sobre-alckmin-que-apoiou-impeachment-homem-decente\/","title":{"rendered":"Amn\u00e9sia: Dilma sobre Alckmin, que apoiou impeachment: \u2018Homem decente\u2019"},"content":{"rendered":"<p style=\"text-align: justify;\"><img loading=\"lazy\" class=\"alignnone size-full wp-image-171296\" src=\"https:\/\/mspontocom.com.br\/site\/wp-content\/uploads\/2022\/06\/site-dilma-sobre-alckmin-que-apoiou-impeachment-homem-decente-dilma-e1654164842499.jpeg\" alt=\"\" width=\"709\" height=\"468\" srcset=\"https:\/\/mspontocom.com.br\/site\/wp-content\/uploads\/2022\/06\/site-dilma-sobre-alckmin-que-apoiou-impeachment-homem-decente-dilma-e1654164842499.jpeg 709w, https:\/\/mspontocom.com.br\/site\/wp-content\/uploads\/2022\/06\/site-dilma-sobre-alckmin-que-apoiou-impeachment-homem-decente-dilma-e1654164842499-260x172.jpeg 260w\" sizes=\"(max-width: 709px) 100vw, 709px\" \/><\/p>\n<p style=\"text-align: justify;\">A ex-presidente da Rep\u00fablica<strong> Dilma Rousseff<\/strong> (PT) elogiou o ex-governador de S\u00e3o Paulo <strong>Geraldo Alckmin,<\/strong> que \u00e0 \u00e9poca do processo de\u00a0<em>impeachment,\u00a0<\/em>em 2016, foi um dos apoiadores do afastamento da petista.<\/p>\n<p style=\"text-align: justify;\">Seis anos depois de ser destitu\u00edda da Presid\u00eancia da Rep\u00fablica, Dilma \u201cperdoou\u201d o ex-tucano.<\/p>\n<p style=\"text-align: justify;\">\u201cHomem decente, de princ\u00edpios e valores. Um democrata, que nessa parceria com os outros sete partidos, vai nos levar ao combate fundamental dessas \u00faltimas d\u00e9cadas\u201d, afirmou a petista.<\/p>\n<p style=\"text-align: justify;\">Alckmin retribuiu os elogios: \u201cMulher guerreira, honesta, correta, presidente Dilma\u201d, disse.<\/p>\n<h2 style=\"text-align: justify;\"><span style=\"font-size: 14pt;\">Em 2016, Alckmin apoiou afastamento de Dilma<\/span><\/h2>\n<p style=\"text-align: justify;\">Em entrevista ao SBT, \u00e0 \u00e9poca, Alckmin disse que o \u201cPSDB agiu corretamente ao votar favor\u00e1vel ao<em>\u00a0impeachment.<\/em>\u00a0Temos o dever de apoiar o governo, poss\u00edvel governo Temer a\u00ed na frente\u201d.<\/p>\n","protected":false},"excerpt":{"rendered":"<p>A ex-presidente da Rep\u00fablica Dilma Rousseff (PT) elogiou o ex-governador de S\u00e3o Paulo Geraldo Alckmin, que \u00e0 \u00e9poca do processo de\u00a0impeachment,\u00a0em 2016, foi um dos apoiadores do afastamento da petista. Seis anos depois de ser destitu\u00edda da Presid\u00eancia da Rep\u00fablica, Dilma \u201cperdoou\u201d o ex-tucano. \u201cHomem decente, de princ\u00edpios e valores. Um democrata, que nessa parceria [&hellip;]<\/p>\n","protected":false},"author":2,"featured_media":171296,"comment_status":"open","ping_status":"open","sticky":false,"template":"","format":"standard","meta":{"_monsterinsights_skip_tracking":false,"_monsterinsights_sitenote_active":false,"_monsterinsights_sitenote_note":"","_monsterinsights_sitenote_category":0},"categories":[6],"tags":[24882,195,5441],"aioseo_notices":[],"_links":{"self":[{"href":"https:\/\/mspontocom.com.br\/site\/wp-json\/wp\/v2\/posts\/171285"}],"collection":[{"href":"https:\/\/mspontocom.com.br\/site\/wp-json\/wp\/v2\/posts"}],"about":[{"href":"https:\/\/mspontocom.com.br\/site\/wp-json\/wp\/v2\/types\/post"}],"author":[{"embeddable":true,"href":"https:\/\/mspontocom.com.br\/site\/wp-json\/wp\/v2\/users\/2"}],"replies":[{"embeddable":true,"href":"https:\/\/mspontocom.com.br\/site\/wp-json\/wp\/v2\/comments?post=171285"}],"version-history":[{"count":2,"href":"https:\/\/mspontocom.com.br\/site\/wp-json\/wp\/v2\/posts\/171285\/revisions"}],"predecessor-version":[{"id":171297,"href":"https:\/\/mspontocom.com.br\/site\/wp-json\/wp\/v2\/posts\/171285\/revisions\/171297"}],"wp:featuredmedia":[{"embeddable":true,"href":"https:\/\/mspontocom.com.br\/site\/wp-json\/wp\/v2\/media\/171296"}],"wp:attachment":[{"href":"https:\/\/mspontocom.com.br\/site\/wp-json\/wp\/v2\/media?parent=171285"}],"wp:term":[{"taxonomy":"category","embeddable":true,"href":"https:\/\/mspontocom.com.br\/site\/wp-json\/wp\/v2\/categories?post=171285"},{"taxonomy":"post_tag","embeddable":true,"href":"https:\/\/mspontocom.com.br\/site\/wp-json\/wp\/v2\/tags?post=171285"}],"curies":[{"name":"wp","href":"https:\/\/api.w.org\/{rel}","templated":true}]}}