{"id":171287,"date":"2022-06-02T14:53:50","date_gmt":"2022-06-02T18:53:50","guid":{"rendered":"https:\/\/mspontocom.com.br\/site\/?p=171287"},"modified":"2022-06-02T14:41:20","modified_gmt":"2022-06-02T18:41:20","slug":"ameacas-de-moraes-ao-processo-eleitoral-faz-lembrar-ministerio-da-verdade","status":"publish","type":"post","link":"https:\/\/mspontocom.com.br\/site\/ameacas-de-moraes-ao-processo-eleitoral-faz-lembrar-ministerio-da-verdade\/","title":{"rendered":"Amea\u00e7as de Moraes ao processo eleitoral faz lembrar \u2018Minist\u00e9rio da Verdade\u2019"},"content":{"rendered":"<p style=\"text-align: justify;\"><img loading=\"lazy\" class=\"alignnone size-full wp-image-171301\" src=\"https:\/\/mspontocom.com.br\/site\/wp-content\/uploads\/2022\/06\/site-caca-a-fake-news-de-moraes-faz-lembrar-ministerio-da-verdade-alexandre-de-moraes-e1654168098988.jpg\" alt=\"\" width=\"733\" height=\"479\" srcset=\"https:\/\/mspontocom.com.br\/site\/wp-content\/uploads\/2022\/06\/site-caca-a-fake-news-de-moraes-faz-lembrar-ministerio-da-verdade-alexandre-de-moraes-e1654168098988.jpg 733w, https:\/\/mspontocom.com.br\/site\/wp-content\/uploads\/2022\/06\/site-caca-a-fake-news-de-moraes-faz-lembrar-ministerio-da-verdade-alexandre-de-moraes-e1654168098988-260x170.jpg 260w\" sizes=\"(max-width: 733px) 100vw, 733px\" \/>A mais recente amea\u00e7a do ministro<strong> Alexandre de Moraes<\/strong>, de \u201ccassar\u201d a candidatura de pol\u00edticos que se utilizem de <strong>supostas \u201cfake news\u201d,<\/strong> claramente endere\u00e7ada ao presidente da Rep\u00fablica, j\u00e1 levou pol\u00edticos no Congresso a estabelecerem rela\u00e7\u00e3o do comportamento do vice-presidente do Tribunal Superior Eleitoral com o assustador <strong>\u201cMinist\u00e9rio da Verdade\u201d<\/strong>, descrito por George Orwell em seu premonit\u00f3rio livro \u201c1984\u201d.<\/p>\n<div id=\"Nota-7\" class=\"entry-block ch-nota Nota-7\" style=\"text-align: justify;\">\n<h3>O dono da verdade<\/h3>\n<\/div>\n<p style=\"text-align: justify;\">A principal cr\u00edtica \u00e0s amea\u00e7as de Moraes decorre da d\u00favida sobre quem ou o que definir\u00e1 o que \u00e9 \u201cfake\u201d ou falso em uma campanha eleitoral.<\/p>\n<div id=\"Nota-8\" class=\"entry-block ch-nota Nota-8\" style=\"text-align: justify;\">\n<h3>Mentira de pol\u00edtico<\/h3>\n<\/div>\n<p style=\"text-align: justify;\">Lula mentiu a uma r\u00e1dio dizendo que Alckmin foi contra o impeachment de Dilma. A fake news \u201ccassaria\u201d ou a amea\u00e7a n\u00e3o vale para o petista?<\/p>\n<div id=\"Nota-9\" class=\"entry-block ch-nota Nota-9\" style=\"text-align: justify;\">\n<h3>Falso brilhante<\/h3>\n<\/div>\n<p style=\"text-align: justify;\">O cl\u00e1ssico de Orwell relata um mundo totalit\u00e1rio que controla o cidad\u00e3o e cujo &#8220;Minist\u00e9rio da Verdade&#8221; est\u00e1 longe da fun\u00e7\u00e3o de divulgar a verdade.<\/p>\n<p style=\"text-align: justify;\">fonte: Coluna Claudio Humbero, Di\u00e1rio do Poder<\/p>\n","protected":false},"excerpt":{"rendered":"<p>A mais recente amea\u00e7a do ministro Alexandre de Moraes, de \u201ccassar\u201d a candidatura de pol\u00edticos que se utilizem de supostas \u201cfake news\u201d, claramente endere\u00e7ada ao presidente da Rep\u00fablica, j\u00e1 levou pol\u00edticos no Congresso a estabelecerem rela\u00e7\u00e3o do comportamento do vice-presidente do Tribunal Superior Eleitoral com o assustador \u201cMinist\u00e9rio da Verdade\u201d, descrito por George Orwell em [&hellip;]<\/p>\n","protected":false},"author":2,"featured_media":171301,"comment_status":"open","ping_status":"open","sticky":false,"template":"","format":"standard","meta":{"_monsterinsights_skip_tracking":false,"_monsterinsights_sitenote_active":false,"_monsterinsights_sitenote_note":"","_monsterinsights_sitenote_category":0},"categories":[6,30260,30259],"tags":[26336,29693,30654,37988,37987],"aioseo_notices":[],"_links":{"self":[{"href":"https:\/\/mspontocom.com.br\/site\/wp-json\/wp\/v2\/posts\/171287"}],"collection":[{"href":"https:\/\/mspontocom.com.br\/site\/wp-json\/wp\/v2\/posts"}],"about":[{"href":"https:\/\/mspontocom.com.br\/site\/wp-json\/wp\/v2\/types\/post"}],"author":[{"embeddable":true,"href":"https:\/\/mspontocom.com.br\/site\/wp-json\/wp\/v2\/users\/2"}],"replies":[{"embeddable":true,"href":"https:\/\/mspontocom.com.br\/site\/wp-json\/wp\/v2\/comments?post=171287"}],"version-history":[{"count":3,"href":"https:\/\/mspontocom.com.br\/site\/wp-json\/wp\/v2\/posts\/171287\/revisions"}],"predecessor-version":[{"id":171314,"href":"https:\/\/mspontocom.com.br\/site\/wp-json\/wp\/v2\/posts\/171287\/revisions\/171314"}],"wp:featuredmedia":[{"embeddable":true,"href":"https:\/\/mspontocom.com.br\/site\/wp-json\/wp\/v2\/media\/171301"}],"wp:attachment":[{"href":"https:\/\/mspontocom.com.br\/site\/wp-json\/wp\/v2\/media?parent=171287"}],"wp:term":[{"taxonomy":"category","embeddable":true,"href":"https:\/\/mspontocom.com.br\/site\/wp-json\/wp\/v2\/categories?post=171287"},{"taxonomy":"post_tag","embeddable":true,"href":"https:\/\/mspontocom.com.br\/site\/wp-json\/wp\/v2\/tags?post=171287"}],"curies":[{"name":"wp","href":"https:\/\/api.w.org\/{rel}","templated":true}]}}