{"id":171289,"date":"2022-06-02T07:29:19","date_gmt":"2022-06-02T11:29:19","guid":{"rendered":"https:\/\/mspontocom.com.br\/site\/?p=171289"},"modified":"2022-06-02T07:29:19","modified_gmt":"2022-06-02T11:29:19","slug":"lula-critica-biden-por-ajudar-ucrania-em-vez-de-africa","status":"publish","type":"post","link":"https:\/\/mspontocom.com.br\/site\/lula-critica-biden-por-ajudar-ucrania-em-vez-de-africa\/","title":{"rendered":"Lula critica Biden por ajudar Ucr\u00e2nia em vez de \u00c1frica"},"content":{"rendered":"<p style=\"text-align: justify;\"><img loading=\"lazy\" class=\"alignnone size-large wp-image-171303\" src=\"https:\/\/mspontocom.com.br\/site\/wp-content\/uploads\/2022\/06\/site-lula-critica-biden-por-ajudar-ucrania-em-vez-de-africa-biden-1024x492.jpg\" alt=\"\" width=\"1024\" height=\"492\" \/>O ex-presidente Luiz In\u00e1cio Lula da Silva (PT) criticou nesta 4\u00aa feira\u00a0 o presidente dos EUA,<strong> Joe Biden,<\/strong> pela ajuda enviada \u00e0<strong> Ucr\u00e2nia. <\/strong><\/p>\n<p style=\"text-align: justify;\">Em seu discurso, o petista disse que o norte-americano \u201cnunca fez discurso\u201d para doar a quem est\u00e1 morrendo de fome.<\/p>\n<p style=\"text-align: justify;\">\u201cN\u00e3o \u00e9 poss\u00edvel que eu veja na televis\u00e3o o presidente Biden, que nunca fez um discurso para dar um d\u00f3lar para quem est\u00e1 morrendo de fome na \u00c1frica, nunca vi um discurso dele para dar um d\u00f3lar, anunciar 40 bilh\u00f5es para ajudar a Ucr\u00e2nia a comprar armas\u201d, disse <strong>Lula.<\/strong><\/p>\n<p style=\"text-align: justify;\">Essa n\u00e3o \u00e9 a 1\u00aa vez que Lula fala sobre o conflito em seus compromissos de pr\u00e9-campanha.<\/p>\n<p style=\"text-align: justify;\">Em entrevista \u00e0 revista norte-americana <strong>\u201cTime\u201d,<\/strong> disse que o presidente da Ucr\u00e2nia, <strong>Volodymyr Zelensky, \u00e9 t\u00e3o culpado pela guerra quanto o presidente da R\u00fassia, Vladimir Putin. <\/strong><\/p>\n<p style=\"text-align: justify;\">A Embaixada da Ucr\u00e2nia no Brasil reagiu, \u00e0 \u00e9poca, dizendo que o ex-presidente estava mal-informado.<\/p>\n","protected":false},"excerpt":{"rendered":"<p>O ex-presidente Luiz In\u00e1cio Lula da Silva (PT) criticou nesta 4\u00aa feira\u00a0 o presidente dos EUA, Joe Biden, pela ajuda enviada \u00e0 Ucr\u00e2nia. Em seu discurso, o petista disse que o norte-americano \u201cnunca fez discurso\u201d para doar a quem est\u00e1 morrendo de fome. \u201cN\u00e3o \u00e9 poss\u00edvel que eu veja na televis\u00e3o o presidente Biden, que [&hellip;]<\/p>\n","protected":false},"author":2,"featured_media":171303,"comment_status":"open","ping_status":"open","sticky":false,"template":"","format":"standard","meta":{"_monsterinsights_skip_tracking":false,"_monsterinsights_sitenote_active":false,"_monsterinsights_sitenote_note":"","_monsterinsights_sitenote_category":0},"categories":[7],"tags":[37989,480,761,3234,37949],"aioseo_notices":[],"_links":{"self":[{"href":"https:\/\/mspontocom.com.br\/site\/wp-json\/wp\/v2\/posts\/171289"}],"collection":[{"href":"https:\/\/mspontocom.com.br\/site\/wp-json\/wp\/v2\/posts"}],"about":[{"href":"https:\/\/mspontocom.com.br\/site\/wp-json\/wp\/v2\/types\/post"}],"author":[{"embeddable":true,"href":"https:\/\/mspontocom.com.br\/site\/wp-json\/wp\/v2\/users\/2"}],"replies":[{"embeddable":true,"href":"https:\/\/mspontocom.com.br\/site\/wp-json\/wp\/v2\/comments?post=171289"}],"version-history":[{"count":2,"href":"https:\/\/mspontocom.com.br\/site\/wp-json\/wp\/v2\/posts\/171289\/revisions"}],"predecessor-version":[{"id":171304,"href":"https:\/\/mspontocom.com.br\/site\/wp-json\/wp\/v2\/posts\/171289\/revisions\/171304"}],"wp:featuredmedia":[{"embeddable":true,"href":"https:\/\/mspontocom.com.br\/site\/wp-json\/wp\/v2\/media\/171303"}],"wp:attachment":[{"href":"https:\/\/mspontocom.com.br\/site\/wp-json\/wp\/v2\/media?parent=171289"}],"wp:term":[{"taxonomy":"category","embeddable":true,"href":"https:\/\/mspontocom.com.br\/site\/wp-json\/wp\/v2\/categories?post=171289"},{"taxonomy":"post_tag","embeddable":true,"href":"https:\/\/mspontocom.com.br\/site\/wp-json\/wp\/v2\/tags?post=171289"}],"curies":[{"name":"wp","href":"https:\/\/api.w.org\/{rel}","templated":true}]}}