{"id":171323,"date":"2022-06-03T14:28:36","date_gmt":"2022-06-03T18:28:36","guid":{"rendered":"https:\/\/mspontocom.com.br\/site\/?p=171323"},"modified":"2022-06-03T14:06:38","modified_gmt":"2022-06-03T18:06:38","slug":"bolsonaro-desafia-globo-a-discutir-seguranca-nas-eleicoes","status":"publish","type":"post","link":"https:\/\/mspontocom.com.br\/site\/bolsonaro-desafia-globo-a-discutir-seguranca-nas-eleicoes\/","title":{"rendered":"Bolsonaro desafia Globo a discutir seguran\u00e7a nas elei\u00e7\u00f5es"},"content":{"rendered":"<p style=\"text-align: justify;\"><img loading=\"lazy\" class=\"alignnone size-full wp-image-171325\" src=\"https:\/\/mspontocom.com.br\/site\/wp-content\/uploads\/2022\/06\/site-bolsonaro-desafia-globo-a-discutir-seguranca-nas-eleicoes-bolsonaro-globo-e1654249587575.jpeg\" alt=\"\" width=\"588\" height=\"331\" srcset=\"https:\/\/mspontocom.com.br\/site\/wp-content\/uploads\/2022\/06\/site-bolsonaro-desafia-globo-a-discutir-seguranca-nas-eleicoes-bolsonaro-globo-e1654249587575.jpeg 588w, https:\/\/mspontocom.com.br\/site\/wp-content\/uploads\/2022\/06\/site-bolsonaro-desafia-globo-a-discutir-seguranca-nas-eleicoes-bolsonaro-globo-e1654249587575-260x146.jpeg 260w\" sizes=\"(max-width: 588px) 100vw, 588px\" \/><\/p>\n<p style=\"text-align: justify;\">O presidente <strong>Jair Bolsonaro<\/strong> (PL) desafiou\u00a0 a<strong> TV Globo<\/strong> a \u201cdiscutir a quest\u00e3o de seguran\u00e7a nas elei\u00e7\u00f5es\u201d ao vivo.<\/p>\n<p style=\"text-align: justify;\">\u201cEu quero aqui desafiar TV Globo, vamos falar dos demais canais. Se voc\u00eas toparem discutir a quest\u00e3o de seguran\u00e7a nas elei\u00e7\u00f5es comigo ao vivo, estou \u00e0 disposi\u00e7\u00e3o da TV Globo, com dados, com n\u00fameros, coisas concretas sobre seguran\u00e7a nas elei\u00e7\u00f5es\u201d, disse o presidente durante sua live semanal em seu canal no YouTube.<\/p>\n<p style=\"text-align: justify;\"><strong>Fachin<\/strong><\/p>\n<p style=\"text-align: justify;\">Bolsonaro tamb\u00e9m criticou o convite de Fachin para que observadores internacionais acompanhassem as elei\u00e7\u00f5es.<\/p>\n<p style=\"text-align: justify;\">\u201cAcompanhar o qu\u00ea? O qu\u00ea que eles sabem? O qu\u00ea que eles veem dentro da sala secreta? Eles t\u00eam condi\u00e7\u00e3o de saber alguma coisa? Eu acho bom ele convidar pessoas de Bangladesh e de But\u00e3o, que t\u00eam o sistema eleitoral igual ao nosso\u201d, declarou o presidente.<\/p>\n","protected":false},"excerpt":{"rendered":"<p>O presidente Jair Bolsonaro (PL) desafiou\u00a0 a TV Globo a \u201cdiscutir a quest\u00e3o de seguran\u00e7a nas elei\u00e7\u00f5es\u201d ao vivo. \u201cEu quero aqui desafiar TV Globo, vamos falar dos demais canais. Se voc\u00eas toparem discutir a quest\u00e3o de seguran\u00e7a nas elei\u00e7\u00f5es comigo ao vivo, estou \u00e0 disposi\u00e7\u00e3o da TV Globo, com dados, com n\u00fameros, coisas concretas [&hellip;]<\/p>\n","protected":false},"author":2,"featured_media":171325,"comment_status":"open","ping_status":"open","sticky":false,"template":"","format":"standard","meta":{"_monsterinsights_skip_tracking":false,"_monsterinsights_sitenote_active":false,"_monsterinsights_sitenote_note":"","_monsterinsights_sitenote_category":0},"categories":[6,30260,30259],"tags":[21017,37993,1887,501,1375],"aioseo_notices":[],"_links":{"self":[{"href":"https:\/\/mspontocom.com.br\/site\/wp-json\/wp\/v2\/posts\/171323"}],"collection":[{"href":"https:\/\/mspontocom.com.br\/site\/wp-json\/wp\/v2\/posts"}],"about":[{"href":"https:\/\/mspontocom.com.br\/site\/wp-json\/wp\/v2\/types\/post"}],"author":[{"embeddable":true,"href":"https:\/\/mspontocom.com.br\/site\/wp-json\/wp\/v2\/users\/2"}],"replies":[{"embeddable":true,"href":"https:\/\/mspontocom.com.br\/site\/wp-json\/wp\/v2\/comments?post=171323"}],"version-history":[{"count":2,"href":"https:\/\/mspontocom.com.br\/site\/wp-json\/wp\/v2\/posts\/171323\/revisions"}],"predecessor-version":[{"id":171326,"href":"https:\/\/mspontocom.com.br\/site\/wp-json\/wp\/v2\/posts\/171323\/revisions\/171326"}],"wp:featuredmedia":[{"embeddable":true,"href":"https:\/\/mspontocom.com.br\/site\/wp-json\/wp\/v2\/media\/171325"}],"wp:attachment":[{"href":"https:\/\/mspontocom.com.br\/site\/wp-json\/wp\/v2\/media?parent=171323"}],"wp:term":[{"taxonomy":"category","embeddable":true,"href":"https:\/\/mspontocom.com.br\/site\/wp-json\/wp\/v2\/categories?post=171323"},{"taxonomy":"post_tag","embeddable":true,"href":"https:\/\/mspontocom.com.br\/site\/wp-json\/wp\/v2\/tags?post=171323"}],"curies":[{"name":"wp","href":"https:\/\/api.w.org\/{rel}","templated":true}]}}