{"id":171350,"date":"2022-06-04T07:20:47","date_gmt":"2022-06-04T11:20:47","guid":{"rendered":"https:\/\/mspontocom.com.br\/site\/?p=171350"},"modified":"2022-06-04T07:20:47","modified_gmt":"2022-06-04T11:20:47","slug":"bolsonaro-desafia-alexandre-de-moraes-cassar-seu-mandato","status":"publish","type":"post","link":"https:\/\/mspontocom.com.br\/site\/bolsonaro-desafia-alexandre-de-moraes-cassar-seu-mandato\/","title":{"rendered":"Bolsonaro desafia Alexandre de Moraes cassar seu mandato"},"content":{"rendered":"<p style=\"text-align: justify;\"><img loading=\"lazy\" class=\"alignnone size-large wp-image-171359\" src=\"https:\/\/mspontocom.com.br\/site\/wp-content\/uploads\/2022\/06\/site-bolsonaro-desafia-alexandre-de-moraes-cassar-seu-mandato-bolsonaro-alexandre-moraes-e1654341531910-1024x633.jpeg\" alt=\"\" width=\"1024\" height=\"633\" srcset=\"https:\/\/mspontocom.com.br\/site\/wp-content\/uploads\/2022\/06\/site-bolsonaro-desafia-alexandre-de-moraes-cassar-seu-mandato-bolsonaro-alexandre-moraes-e1654341531910-1024x633.jpeg 1024w, https:\/\/mspontocom.com.br\/site\/wp-content\/uploads\/2022\/06\/site-bolsonaro-desafia-alexandre-de-moraes-cassar-seu-mandato-bolsonaro-alexandre-moraes-e1654341531910-260x161.jpeg 260w, https:\/\/mspontocom.com.br\/site\/wp-content\/uploads\/2022\/06\/site-bolsonaro-desafia-alexandre-de-moraes-cassar-seu-mandato-bolsonaro-alexandre-moraes-e1654341531910-768x475.jpeg 768w, https:\/\/mspontocom.com.br\/site\/wp-content\/uploads\/2022\/06\/site-bolsonaro-desafia-alexandre-de-moraes-cassar-seu-mandato-bolsonaro-alexandre-moraes-e1654341531910.jpeg 1064w\" sizes=\"(max-width: 1024px) 100vw, 1024px\" \/>O presidente <strong>Jair Bolsonaro<\/strong>\u00a0fez um desafio ao <strong>TSE<\/strong> durante visita \u00e0 cidade de Foz do Igua\u00e7u (PR).<\/p>\n<p style=\"text-align: justify;\">Ao comentar sobre o caso do deputado Fernando Francischini (Uni\u00e3o Brasil-PR), que teve o mandato cassado pelo TSE,\u00a0\u00a0Bolsonaro questionou se o tribunal tamb\u00e9m cancelaria o registro de sua candidatura.<\/p>\n<p style=\"text-align: justify;\"><strong>Vai cassar meu registro? Duvido que tenha coragem de cassar meu registro.<\/strong> N\u00e3o estou desafiando ningu\u00e9m, mas duvido que tenha coragem de cassar\u201d, questionou Bolsonaro.<\/p>\n<p style=\"text-align: justify;\">Na quarta, 1\u00ba de junho, o ministro do STF e vice-presidente do TSE <strong>Alexandre de Moraes<\/strong> defendeu que o candidato que espalhar supostas fake news deve ter o registro cassado.<\/p>\n<p>&nbsp;<\/p>\n","protected":false},"excerpt":{"rendered":"<p>O presidente Jair Bolsonaro\u00a0fez um desafio ao TSE durante visita \u00e0 cidade de Foz do Igua\u00e7u (PR). Ao comentar sobre o caso do deputado Fernando Francischini (Uni\u00e3o Brasil-PR), que teve o mandato cassado pelo TSE,\u00a0\u00a0Bolsonaro questionou se o tribunal tamb\u00e9m cancelaria o registro de sua candidatura. Vai cassar meu registro? Duvido que tenha coragem de [&hellip;]<\/p>\n","protected":false},"author":2,"featured_media":171359,"comment_status":"open","ping_status":"open","sticky":false,"template":"","format":"standard","meta":{"_monsterinsights_skip_tracking":false,"_monsterinsights_sitenote_active":false,"_monsterinsights_sitenote_note":"","_monsterinsights_sitenote_category":0},"categories":[6,30260,2528,30259],"tags":[26336,21017,7160,38001,4378],"aioseo_notices":[],"_links":{"self":[{"href":"https:\/\/mspontocom.com.br\/site\/wp-json\/wp\/v2\/posts\/171350"}],"collection":[{"href":"https:\/\/mspontocom.com.br\/site\/wp-json\/wp\/v2\/posts"}],"about":[{"href":"https:\/\/mspontocom.com.br\/site\/wp-json\/wp\/v2\/types\/post"}],"author":[{"embeddable":true,"href":"https:\/\/mspontocom.com.br\/site\/wp-json\/wp\/v2\/users\/2"}],"replies":[{"embeddable":true,"href":"https:\/\/mspontocom.com.br\/site\/wp-json\/wp\/v2\/comments?post=171350"}],"version-history":[{"count":2,"href":"https:\/\/mspontocom.com.br\/site\/wp-json\/wp\/v2\/posts\/171350\/revisions"}],"predecessor-version":[{"id":171360,"href":"https:\/\/mspontocom.com.br\/site\/wp-json\/wp\/v2\/posts\/171350\/revisions\/171360"}],"wp:featuredmedia":[{"embeddable":true,"href":"https:\/\/mspontocom.com.br\/site\/wp-json\/wp\/v2\/media\/171359"}],"wp:attachment":[{"href":"https:\/\/mspontocom.com.br\/site\/wp-json\/wp\/v2\/media?parent=171350"}],"wp:term":[{"taxonomy":"category","embeddable":true,"href":"https:\/\/mspontocom.com.br\/site\/wp-json\/wp\/v2\/categories?post=171350"},{"taxonomy":"post_tag","embeddable":true,"href":"https:\/\/mspontocom.com.br\/site\/wp-json\/wp\/v2\/tags?post=171350"}],"curies":[{"name":"wp","href":"https:\/\/api.w.org\/{rel}","templated":true}]}}