{"id":171352,"date":"2022-06-04T07:28:05","date_gmt":"2022-06-04T11:28:05","guid":{"rendered":"https:\/\/mspontocom.com.br\/site\/?p=171352"},"modified":"2022-06-04T07:28:05","modified_gmt":"2022-06-04T11:28:05","slug":"democratico-lula-volta-a-defender-regulacao-da-midia","status":"publish","type":"post","link":"https:\/\/mspontocom.com.br\/site\/democratico-lula-volta-a-defender-regulacao-da-midia\/","title":{"rendered":"&#8220;Democr\u00e1tico&#8221;, Lula volta a defender regula\u00e7\u00e3o da m\u00eddia"},"content":{"rendered":"<p style=\"text-align: justify;\"><img loading=\"lazy\" class=\"alignnone size-large wp-image-171361\" src=\"https:\/\/mspontocom.com.br\/site\/wp-content\/uploads\/2022\/06\/site-democratico-lula-volta-a-defender-regulacao-da-midia-lula-raiva-1024x576.jpg\" alt=\"\" width=\"1024\" height=\"576\" \/>O pr\u00e9-candidato \u00e0 Presid\u00eancia da Rep\u00fablica Luiz In\u00e1cio Lula da Silva\u00a0(PT) voltou a falar em <strong>regula\u00e7\u00e3o da m\u00eddia. <\/strong><\/p>\n<p style=\"text-align: justify;\">Ele discursou no Rio Grande do Sul, onde esteve reunido com o setor da Cultura do Estado.<\/p>\n<p style=\"text-align: justify;\"><strong>Lula\u00a0<\/strong> falou que o povo precisa apenas saber, assistir e ouvir para come\u00e7ar a gostar de determinadas express\u00f5es art\u00edsticas, citando a <strong>regula\u00e7\u00e3o da m\u00eddia. <\/strong><\/p>\n<p style=\"text-align: justify;\">\u201cVoc\u00ea v\u00ea que toda vez que a gente fala em regular os meios de comunica\u00e7\u00e3o, fica uma ind\u00fastria de meteoros contra a gente&#8221;, comentou Lula.<\/p>\n<p style=\"text-align: justify;\">\u00a0Ao levantar a ideia da regula\u00e7\u00e3o da m\u00eddia, Lula previu que enfrentaria cr\u00edticas e ressaltou:<\/p>\n<p style=\"text-align: justify;\">\u201c\u00c9 preciso fazer muito debate. Eu estou falando isso e, amanh\u00e3, voc\u00eas v\u00e3o ver na<strong> internet<\/strong> uma carga de porrada que eu vou tomar.<\/p>\n<p style=\"text-align: justify;\">Lula vem falando da regula\u00e7\u00e3o da m\u00eddia nas \u00faltimas semanas, desejo antigo do<strong> PT. <\/strong><\/p>\n<p style=\"text-align: justify;\">Nenhum outro pr\u00e9-candidato ao Planalto \u00e9 favor\u00e1vel \u00e0 proposta.<\/p>\n","protected":false},"excerpt":{"rendered":"<p>O pr\u00e9-candidato \u00e0 Presid\u00eancia da Rep\u00fablica Luiz In\u00e1cio Lula da Silva\u00a0(PT) voltou a falar em regula\u00e7\u00e3o da m\u00eddia. Ele discursou no Rio Grande do Sul, onde esteve reunido com o setor da Cultura do Estado. Lula\u00a0 falou que o povo precisa apenas saber, assistir e ouvir para come\u00e7ar a gostar de determinadas express\u00f5es art\u00edsticas, citando [&hellip;]<\/p>\n","protected":false},"author":2,"featured_media":171361,"comment_status":"open","ping_status":"open","sticky":false,"template":"","format":"standard","meta":{"_monsterinsights_skip_tracking":false,"_monsterinsights_sitenote_active":false,"_monsterinsights_sitenote_note":"","_monsterinsights_sitenote_category":0},"categories":[6,30260,30259],"tags":[480,1210,38002],"aioseo_notices":[],"_links":{"self":[{"href":"https:\/\/mspontocom.com.br\/site\/wp-json\/wp\/v2\/posts\/171352"}],"collection":[{"href":"https:\/\/mspontocom.com.br\/site\/wp-json\/wp\/v2\/posts"}],"about":[{"href":"https:\/\/mspontocom.com.br\/site\/wp-json\/wp\/v2\/types\/post"}],"author":[{"embeddable":true,"href":"https:\/\/mspontocom.com.br\/site\/wp-json\/wp\/v2\/users\/2"}],"replies":[{"embeddable":true,"href":"https:\/\/mspontocom.com.br\/site\/wp-json\/wp\/v2\/comments?post=171352"}],"version-history":[{"count":2,"href":"https:\/\/mspontocom.com.br\/site\/wp-json\/wp\/v2\/posts\/171352\/revisions"}],"predecessor-version":[{"id":171362,"href":"https:\/\/mspontocom.com.br\/site\/wp-json\/wp\/v2\/posts\/171352\/revisions\/171362"}],"wp:featuredmedia":[{"embeddable":true,"href":"https:\/\/mspontocom.com.br\/site\/wp-json\/wp\/v2\/media\/171361"}],"wp:attachment":[{"href":"https:\/\/mspontocom.com.br\/site\/wp-json\/wp\/v2\/media?parent=171352"}],"wp:term":[{"taxonomy":"category","embeddable":true,"href":"https:\/\/mspontocom.com.br\/site\/wp-json\/wp\/v2\/categories?post=171352"},{"taxonomy":"post_tag","embeddable":true,"href":"https:\/\/mspontocom.com.br\/site\/wp-json\/wp\/v2\/tags?post=171352"}],"curies":[{"name":"wp","href":"https:\/\/api.w.org\/{rel}","templated":true}]}}