{"id":171363,"date":"2022-06-04T07:40:25","date_gmt":"2022-06-04T11:40:25","guid":{"rendered":"https:\/\/mspontocom.com.br\/site\/?p=171363"},"modified":"2022-06-04T07:40:25","modified_gmt":"2022-06-04T11:40:25","slug":"criticas-a-decisoes-do-judiciario-dominam-evento-sobre-liberdade","status":"publish","type":"post","link":"https:\/\/mspontocom.com.br\/site\/criticas-a-decisoes-do-judiciario-dominam-evento-sobre-liberdade\/","title":{"rendered":"Cr\u00edticas a decis\u00f5es do Judici\u00e1rio dominam evento sobre liberdade"},"content":{"rendered":"<p style=\"text-align: justify;\"><img loading=\"lazy\" class=\"alignnone size-large wp-image-171364\" src=\"https:\/\/mspontocom.com.br\/site\/wp-content\/uploads\/2022\/06\/site-criticas-a-decisoes-do-judiciario-dominam-evento-sobre-liberdade-leia-mais-em-httpswww-gazetadopovo-com-br-stf1-1024x576.jpg\" alt=\"\" width=\"1024\" height=\"576\" \/>Na<strong> I Confer\u00eancia Internacional da Liberdade<\/strong>, que ocorreu nesta sexta-feira (3), em S\u00e3o Paulo, as decis\u00f5es do<strong> Judici\u00e1rio<\/strong> que t\u00eam interferido na liberdade de express\u00e3o dos cidad\u00e3os foram o principal alvo de cr\u00edticas dos participantes.<\/p>\n<p style=\"text-align: justify;\">A confer\u00eancia contou com a participa\u00e7\u00e3o dos ex-presidentes Michel Temer, do Brasil, e Mauricio Macri, da Argentina, al\u00e9m de figuras c\u00e9lebres da \u00e1rea jur\u00eddica como o jurista <strong>Modesto Carvalhosa<\/strong> e a ju\u00edza Ludmila Lins Grilo.<\/p>\n<p style=\"text-align: justify;\">\u201cAqui no Brasil, muitas vezes, o Judici\u00e1rio tende a acompanhar o que a opini\u00e3o p\u00fablica estabelece. Isso gera instabilidade\u201d, disse Temer.<\/p>\n<p style=\"text-align: justify;\">Atos recentes do<strong> Supremo Tribunal Federal (STF),<\/strong> como a instaura\u00e7\u00e3o do<strong> inqu\u00e9rito das fake news<\/strong> \u2013 chamado pelo apelido de \u201cinqu\u00e9rito do fim do mundo\u201d pela maioria dos participantes \u2013, foram reiteradamente criticados.<\/p>\n<p style=\"text-align: justify;\">Carvalhosa destacou que \u201ca Justi\u00e7a deve servir \u00e0 liberdade\u201d, e que \u201co Poder Judici\u00e1rio n\u00e3o pode solapar o direito de cr\u00edtica\u201d.<\/p>\n<p style=\"text-align: justify;\">Para a procuradora regional da Rep\u00fablica <strong>Tham\u00e9a Danelon<\/strong>, algumas decis\u00f5es recentes do STF ferem a base do Estado de Direito.<\/p>\n<p style=\"text-align: justify;\">No mesmo painel, a ju\u00edza Ludmila Lins Grilo lembrou que, por n\u00e3o ser eleito, o Judici\u00e1rio deve se ater a \u201cgarantir a aplica\u00e7\u00e3o das normas que est\u00e3o positivadas na Constitui\u00e7\u00e3o Federal e nas leis\u201d.<\/p>\n<p style=\"text-align: justify;\">Palestrantes tamb\u00e9m criticaram a cultura do cancelamento, que acaba formando o caldo cultural para certos atos do Judici\u00e1rio.<\/p>\n<p style=\"text-align: justify;\">\u201cA esquerda identit\u00e1ria hoje constr\u00f3i tijolo por tijolo uma justificativa contra a liberdade de express\u00e3o, mas \u00e9 ela que deveria ser a mais interessada nesse assunto da liberdade\u201d, disse o escritor e jornalista Leandro Narloch num dos pain\u00e9is.<\/p>\n<p>fonte: Gazeta do Povo<\/p>\n","protected":false},"excerpt":{"rendered":"<p>Na I Confer\u00eancia Internacional da Liberdade, que ocorreu nesta sexta-feira (3), em S\u00e3o Paulo, as decis\u00f5es do Judici\u00e1rio que t\u00eam interferido na liberdade de express\u00e3o dos cidad\u00e3os foram o principal alvo de cr\u00edticas dos participantes. A confer\u00eancia contou com a participa\u00e7\u00e3o dos ex-presidentes Michel Temer, do Brasil, e Mauricio Macri, da Argentina, al\u00e9m de figuras [&hellip;]<\/p>\n","protected":false},"author":2,"featured_media":171364,"comment_status":"open","ping_status":"open","sticky":false,"template":"","format":"standard","meta":{"_monsterinsights_skip_tracking":false,"_monsterinsights_sitenote_active":false,"_monsterinsights_sitenote_note":"","_monsterinsights_sitenote_category":0},"categories":[6,30260,2528,30259],"tags":[24747,30654,3013,31841],"aioseo_notices":[],"_links":{"self":[{"href":"https:\/\/mspontocom.com.br\/site\/wp-json\/wp\/v2\/posts\/171363"}],"collection":[{"href":"https:\/\/mspontocom.com.br\/site\/wp-json\/wp\/v2\/posts"}],"about":[{"href":"https:\/\/mspontocom.com.br\/site\/wp-json\/wp\/v2\/types\/post"}],"author":[{"embeddable":true,"href":"https:\/\/mspontocom.com.br\/site\/wp-json\/wp\/v2\/users\/2"}],"replies":[{"embeddable":true,"href":"https:\/\/mspontocom.com.br\/site\/wp-json\/wp\/v2\/comments?post=171363"}],"version-history":[{"count":1,"href":"https:\/\/mspontocom.com.br\/site\/wp-json\/wp\/v2\/posts\/171363\/revisions"}],"predecessor-version":[{"id":171365,"href":"https:\/\/mspontocom.com.br\/site\/wp-json\/wp\/v2\/posts\/171363\/revisions\/171365"}],"wp:featuredmedia":[{"embeddable":true,"href":"https:\/\/mspontocom.com.br\/site\/wp-json\/wp\/v2\/media\/171364"}],"wp:attachment":[{"href":"https:\/\/mspontocom.com.br\/site\/wp-json\/wp\/v2\/media?parent=171363"}],"wp:term":[{"taxonomy":"category","embeddable":true,"href":"https:\/\/mspontocom.com.br\/site\/wp-json\/wp\/v2\/categories?post=171363"},{"taxonomy":"post_tag","embeddable":true,"href":"https:\/\/mspontocom.com.br\/site\/wp-json\/wp\/v2\/tags?post=171363"}],"curies":[{"name":"wp","href":"https:\/\/api.w.org\/{rel}","templated":true}]}}