{"id":171377,"date":"2022-06-05T07:06:02","date_gmt":"2022-06-05T11:06:02","guid":{"rendered":"https:\/\/mspontocom.com.br\/site\/?p=171377"},"modified":"2022-06-05T07:06:02","modified_gmt":"2022-06-05T11:06:02","slug":"carvalhosa-stf-inaugurou-um-sistema-de-justica-com-as-proprias-maos","status":"publish","type":"post","link":"https:\/\/mspontocom.com.br\/site\/carvalhosa-stf-inaugurou-um-sistema-de-justica-com-as-proprias-maos\/","title":{"rendered":"Carvalhosa: STF inaugurou um sistema de \u201cjusti\u00e7a com as pr\u00f3prias m\u00e3os\u201d"},"content":{"rendered":"<p style=\"text-align: justify;\"><img loading=\"lazy\" class=\"alignnone size-medium wp-image-171379\" src=\"https:\/\/mspontocom.com.br\/site\/wp-content\/uploads\/2022\/06\/site-carvalhosa-stf-inaugurou-um-sistema-de-justica-com-as-proprias-maos-stf-2-e8b5f394-e1654426982784-260x152.png\" alt=\"\" width=\"260\" height=\"152\" srcset=\"https:\/\/mspontocom.com.br\/site\/wp-content\/uploads\/2022\/06\/site-carvalhosa-stf-inaugurou-um-sistema-de-justica-com-as-proprias-maos-stf-2-e8b5f394-e1654426982784-260x152.png 260w, https:\/\/mspontocom.com.br\/site\/wp-content\/uploads\/2022\/06\/site-carvalhosa-stf-inaugurou-um-sistema-de-justica-com-as-proprias-maos-stf-2-e8b5f394-e1654426982784-768x448.png 768w, https:\/\/mspontocom.com.br\/site\/wp-content\/uploads\/2022\/06\/site-carvalhosa-stf-inaugurou-um-sistema-de-justica-com-as-proprias-maos-stf-2-e8b5f394-e1654426982784.png 800w\" sizes=\"(max-width: 260px) 100vw, 260px\" \/><\/p>\n<p style=\"text-align: justify;\">Durante a\u00a0<a href=\"https:\/\/www.institutoliberal.org.br\/i-conferencia-internacional-da-liberdade\/\" target=\"_blank\" rel=\"noopener\"><strong>Confer\u00eancia Internacional da Liberdade <\/strong><\/a>o jurista <strong>Modesto Carvalhosa<\/strong> afirmou que o Brasil vive uma turbul\u00eancia institucional decorrente da <strong>\u201cperda de legitimidade no Supremo Tribunal Federal (STF)\u201d.<\/strong><\/p>\n<p style=\"text-align: justify;\">\u201cO Judici\u00e1rio n\u00e3o pode ter uma conduta pol\u00edtica e soterrar a liberdade\u201d, constatou.<\/p>\n<p style=\"text-align: justify;\">Para o jurista, o povo brasileiro n\u00e3o est\u00e1 descontente com o Poder Judici\u00e1rio, mas, sim, com o STF, que ocupa o topo desse poder.<\/p>\n<p style=\"text-align: justify;\">Carvalhosa tamb\u00e9m disse que a crise na democracia pode ser produzida por ela pr\u00f3pria \u201cna medida em que os tr\u00eas Poderes n\u00e3o mant\u00e9m a pr\u00f3pria legitimidade\u201d.<\/p>\n<div class=\"ad-wrap ad-\" style=\"text-align: justify;\">\n<div id=\"div-gam-materia_2\" class=\"jms-ad\" data-slot-id=\"div-gam-materia_2\" data-google-query-id=\"CIzc__mRlvgCFT04uQYdRPEE8g\">\n<div id=\"google_ads_iframe_\/22388345455\/materia_2_0__container__\"><strong>Respeito \u00e0 vontade popular<\/strong><\/div>\n<\/div>\n<\/div>\n<p style=\"text-align: justify;\">Em momentos de tens\u00e3o, o STF deveria buscar a sua legitimidade na vontade popular, defendeu o jurista.<\/p>\n<p style=\"text-align: justify;\">Contudo, em 2019, os ministros criaram o inqu\u00e9rito das\u00a0<em>fake news\u00a0<\/em>que apura supostas not\u00edcias falsas, den\u00fancias caluniosas e amea\u00e7as contra os ju\u00edzes da Corte e seus familiares.<\/p>\n<p style=\"text-align: justify;\">\u201cEles come\u00e7aram a punir e prender preventivamente todos aqueles que criticavam o Supremo\u201d, afirmou o jurista.<\/p>\n<p style=\"text-align: justify;\">Nesse inqu\u00e9rito, quem julga, investiga, acusa, condena e executa a pena s\u00e3o as pr\u00f3prias v\u00edtimas do processo: os ministros do STF.<\/p>\n<p style=\"text-align: justify;\">\u201cEles reverteram o princ\u00edpio fundamental da liberdade de opini\u00e3o e cr\u00edtica\u201d, observou Carvalhosa, ao mencionar que os ministros est\u00e3o recriando o \u201ccrime pol\u00edtico\u201d.<\/p>\n<p style=\"text-align: justify;\">Segundo Carvalhosa, o Supremo inaugurou um sistema de \u201cjusti\u00e7a com as pr\u00f3prias m\u00e3os\u201d. \u201cO que estamos vivenciando \u00e9 um regime inquisitorial\u201d, disse.<\/p>\n","protected":false},"excerpt":{"rendered":"<p>Durante a\u00a0Confer\u00eancia Internacional da Liberdade o jurista Modesto Carvalhosa afirmou que o Brasil vive uma turbul\u00eancia institucional decorrente da \u201cperda de legitimidade no Supremo Tribunal Federal (STF)\u201d. \u201cO Judici\u00e1rio n\u00e3o pode ter uma conduta pol\u00edtica e soterrar a liberdade\u201d, constatou. Para o jurista, o povo brasileiro n\u00e3o est\u00e1 descontente com o Poder Judici\u00e1rio, mas, sim, [&hellip;]<\/p>\n","protected":false},"author":2,"featured_media":171379,"comment_status":"open","ping_status":"open","sticky":false,"template":"","format":"standard","meta":{"_monsterinsights_skip_tracking":false,"_monsterinsights_sitenote_active":false,"_monsterinsights_sitenote_note":"","_monsterinsights_sitenote_category":0},"categories":[6,30260,30259],"tags":[33442,3014],"aioseo_notices":[],"_links":{"self":[{"href":"https:\/\/mspontocom.com.br\/site\/wp-json\/wp\/v2\/posts\/171377"}],"collection":[{"href":"https:\/\/mspontocom.com.br\/site\/wp-json\/wp\/v2\/posts"}],"about":[{"href":"https:\/\/mspontocom.com.br\/site\/wp-json\/wp\/v2\/types\/post"}],"author":[{"embeddable":true,"href":"https:\/\/mspontocom.com.br\/site\/wp-json\/wp\/v2\/users\/2"}],"replies":[{"embeddable":true,"href":"https:\/\/mspontocom.com.br\/site\/wp-json\/wp\/v2\/comments?post=171377"}],"version-history":[{"count":2,"href":"https:\/\/mspontocom.com.br\/site\/wp-json\/wp\/v2\/posts\/171377\/revisions"}],"predecessor-version":[{"id":171380,"href":"https:\/\/mspontocom.com.br\/site\/wp-json\/wp\/v2\/posts\/171377\/revisions\/171380"}],"wp:featuredmedia":[{"embeddable":true,"href":"https:\/\/mspontocom.com.br\/site\/wp-json\/wp\/v2\/media\/171379"}],"wp:attachment":[{"href":"https:\/\/mspontocom.com.br\/site\/wp-json\/wp\/v2\/media?parent=171377"}],"wp:term":[{"taxonomy":"category","embeddable":true,"href":"https:\/\/mspontocom.com.br\/site\/wp-json\/wp\/v2\/categories?post=171377"},{"taxonomy":"post_tag","embeddable":true,"href":"https:\/\/mspontocom.com.br\/site\/wp-json\/wp\/v2\/tags?post=171377"}],"curies":[{"name":"wp","href":"https:\/\/api.w.org\/{rel}","templated":true}]}}