{"id":171383,"date":"2022-06-06T17:26:01","date_gmt":"2022-06-06T21:26:01","guid":{"rendered":"https:\/\/mspontocom.com.br\/site\/?p=171383"},"modified":"2022-06-06T16:44:41","modified_gmt":"2022-06-06T20:44:41","slug":"casa-civil-critica-fake-news-de-lula-sobre-morte-de-marielle","status":"publish","type":"post","link":"https:\/\/mspontocom.com.br\/site\/casa-civil-critica-fake-news-de-lula-sobre-morte-de-marielle\/","title":{"rendered":"Casa Civil critica \u201cfake news\u201d de Lula sobre morte de Marielle"},"content":{"rendered":"<p style=\"text-align: justify;\"><img loading=\"lazy\" class=\"alignnone size-medium wp-image-171399\" src=\"https:\/\/mspontocom.com.br\/site\/wp-content\/uploads\/2022\/06\/site-casa-civil-critica-fake-news-de-lula-sobre-morte-de-marielle-lula-livre-rindo-e1654509844407-260x165.jpeg\" alt=\"\" width=\"260\" height=\"165\" srcset=\"https:\/\/mspontocom.com.br\/site\/wp-content\/uploads\/2022\/06\/site-casa-civil-critica-fake-news-de-lula-sobre-morte-de-marielle-lula-livre-rindo-e1654509844407-260x165.jpeg 260w, https:\/\/mspontocom.com.br\/site\/wp-content\/uploads\/2022\/06\/site-casa-civil-critica-fake-news-de-lula-sobre-morte-de-marielle-lula-livre-rindo-e1654509844407.jpeg 685w\" sizes=\"(max-width: 260px) 100vw, 260px\" \/><\/p>\n<p style=\"text-align: justify;\">O ministro da <strong>Casa Civil,<\/strong> Ciro Nogueira, criticou a fala do ex-presidente Luiz In\u00e1cio Lula da Silva sobre a <strong>morte da vereadora Marielle Franco<\/strong> (Psol-RJ), assassinada em 2018.<\/p>\n<p style=\"text-align: justify;\">Em v\u00eddeo, o ministro diz que o coment\u00e1rio feito pelo petista, associando pessoas pr\u00f3ximas a um \u201cgovernante\u201d ao caso, \u00e9 a <strong>\u201ca maior fake news que um homem p\u00fablico\u201d<\/strong> j\u00e1 teve a coragem de fazer no pa\u00eds.<\/p>\n<p style=\"text-align: justify;\">Nogueira disse estar \u201ccompletamente estarrecido\u201d com as afirma\u00e7\u00f5es.<\/p>\n<p style=\"text-align: justify;\">\u201cDizer que pessoas pr\u00f3ximas ao presidente<strong> Bolsonaro<\/strong> mataram a vereadora Marielle \u00e9 de uma irresponsabilidade, de uma leviandade sem precedente. Isso sim \u00e9 uma fake news\u201d.<\/p>\n<p style=\"text-align: justify;\">A fala de<strong> Lula<\/strong> foi feita na 5\u00aa feira (1\u00ba.jun.2022).\u00a0 Na ocasi\u00e3o, sem citar o nome do presidente Jair Bolsonaro (PL), afirmou que gente de um governante \u201cn\u00e3o tem pudor por ter matado Marielle\u201d.<\/p>\n<p style=\"text-align: justify;\">\n","protected":false},"excerpt":{"rendered":"<p>O ministro da Casa Civil, Ciro Nogueira, criticou a fala do ex-presidente Luiz In\u00e1cio Lula da Silva sobre a morte da vereadora Marielle Franco (Psol-RJ), assassinada em 2018. Em v\u00eddeo, o ministro diz que o coment\u00e1rio feito pelo petista, associando pessoas pr\u00f3ximas a um \u201cgovernante\u201d ao caso, \u00e9 a \u201ca maior fake news que um [&hellip;]<\/p>\n","protected":false},"author":2,"featured_media":171399,"comment_status":"open","ping_status":"open","sticky":false,"template":"","format":"standard","meta":{"_monsterinsights_skip_tracking":false,"_monsterinsights_sitenote_active":false,"_monsterinsights_sitenote_note":"","_monsterinsights_sitenote_category":0},"categories":[6,30260,30259],"tags":[21017,1282,37682,30654,480,34610,427],"aioseo_notices":[],"_links":{"self":[{"href":"https:\/\/mspontocom.com.br\/site\/wp-json\/wp\/v2\/posts\/171383"}],"collection":[{"href":"https:\/\/mspontocom.com.br\/site\/wp-json\/wp\/v2\/posts"}],"about":[{"href":"https:\/\/mspontocom.com.br\/site\/wp-json\/wp\/v2\/types\/post"}],"author":[{"embeddable":true,"href":"https:\/\/mspontocom.com.br\/site\/wp-json\/wp\/v2\/users\/2"}],"replies":[{"embeddable":true,"href":"https:\/\/mspontocom.com.br\/site\/wp-json\/wp\/v2\/comments?post=171383"}],"version-history":[{"count":3,"href":"https:\/\/mspontocom.com.br\/site\/wp-json\/wp\/v2\/posts\/171383\/revisions"}],"predecessor-version":[{"id":171419,"href":"https:\/\/mspontocom.com.br\/site\/wp-json\/wp\/v2\/posts\/171383\/revisions\/171419"}],"wp:featuredmedia":[{"embeddable":true,"href":"https:\/\/mspontocom.com.br\/site\/wp-json\/wp\/v2\/media\/171399"}],"wp:attachment":[{"href":"https:\/\/mspontocom.com.br\/site\/wp-json\/wp\/v2\/media?parent=171383"}],"wp:term":[{"taxonomy":"category","embeddable":true,"href":"https:\/\/mspontocom.com.br\/site\/wp-json\/wp\/v2\/categories?post=171383"},{"taxonomy":"post_tag","embeddable":true,"href":"https:\/\/mspontocom.com.br\/site\/wp-json\/wp\/v2\/tags?post=171383"}],"curies":[{"name":"wp","href":"https:\/\/api.w.org\/{rel}","templated":true}]}}