{"id":171385,"date":"2022-06-06T17:01:21","date_gmt":"2022-06-06T21:01:21","guid":{"rendered":"https:\/\/mspontocom.com.br\/site\/?p=171385"},"modified":"2022-06-06T16:45:44","modified_gmt":"2022-06-06T20:45:44","slug":"invasoes-do-mst-tem-queda-drastica-sob-governo-bolsonaro","status":"publish","type":"post","link":"https:\/\/mspontocom.com.br\/site\/invasoes-do-mst-tem-queda-drastica-sob-governo-bolsonaro\/","title":{"rendered":"Invas\u00f5es do MST t\u00eam queda dr\u00e1stica sob governo Bolsonaro"},"content":{"rendered":"<p style=\"text-align: justify;\"><img loading=\"lazy\" class=\"alignnone size-medium wp-image-171401\" src=\"https:\/\/mspontocom.com.br\/site\/wp-content\/uploads\/2022\/06\/site-invasoes-do-mst-tem-queda-drastica-sob-governo-bolsonaro-mst1-e1654510374202-260x153.jpeg\" alt=\"\" width=\"260\" height=\"153\" srcset=\"https:\/\/mspontocom.com.br\/site\/wp-content\/uploads\/2022\/06\/site-invasoes-do-mst-tem-queda-drastica-sob-governo-bolsonaro-mst1-e1654510374202-260x153.jpeg 260w, https:\/\/mspontocom.com.br\/site\/wp-content\/uploads\/2022\/06\/site-invasoes-do-mst-tem-queda-drastica-sob-governo-bolsonaro-mst1-e1654510374202-1024x601.jpeg 1024w, https:\/\/mspontocom.com.br\/site\/wp-content\/uploads\/2022\/06\/site-invasoes-do-mst-tem-queda-drastica-sob-governo-bolsonaro-mst1-e1654510374202-768x451.jpeg 768w, https:\/\/mspontocom.com.br\/site\/wp-content\/uploads\/2022\/06\/site-invasoes-do-mst-tem-queda-drastica-sob-governo-bolsonaro-mst1-e1654510374202.jpeg 1101w\" sizes=\"(max-width: 260px) 100vw, 260px\" \/><\/p>\n<p style=\"text-align: justify;\">As invas\u00f5es de propriedades rurais aterrorizaram os brasileiros por d\u00e9cadas.<\/p>\n<p style=\"text-align: justify;\">\u00a0Mas o cen\u00e1rio agora \u00e9 outro.<\/p>\n<p style=\"text-align: justify;\">Segundo o <strong>Instituto Nacional de Coloniza\u00e7\u00e3o e Reforma Agr\u00e1ria (Incra)<\/strong>, 11 invas\u00f5es de fazendas foram registradas no pa\u00eds no ano passado.<\/p>\n<p style=\"text-align: justify;\">Em 2020, foram apenas seis. No ano anterior, sete.<\/p>\n<p style=\"text-align: justify;\">Trata-se dos menores n\u00fameros verificados desde 1995, quando o Incra passou a organizar as estat\u00edsticas.<\/p>\n<p style=\"text-align: justify;\">Nos dois mandatos de<strong> Fernando Henrique Cardoso<\/strong> (PSDB), os sem-terra invadiram quase 2.500 fazendas.<\/p>\n<p style=\"text-align: justify;\">A administra\u00e7\u00e3o de <strong>Lula<\/strong> (PT) registrou cerca de <strong>2.000 invas\u00f5es. <\/strong><\/p>\n<p style=\"text-align: justify;\">Na era <strong>Dilma Rousseff<\/strong> (PT), por sua vez, houve menos de <strong>1.000 crimes dessa natureza. <\/strong><\/p>\n<p style=\"text-align: justify;\">Os n\u00fameros mostram que o atual governo, liderado por <strong>Jair Bolsonaro,<\/strong> apresenta um desempenho melhor at\u00e9 mesmo que o verificado na gest\u00e3o de <strong>Michel Temer<\/strong> (MDB), que durou de agosto de 2016 a dezembro de 2018: foram 54 invas\u00f5es .<\/p>\n","protected":false},"excerpt":{"rendered":"<p>As invas\u00f5es de propriedades rurais aterrorizaram os brasileiros por d\u00e9cadas. \u00a0Mas o cen\u00e1rio agora \u00e9 outro. Segundo o Instituto Nacional de Coloniza\u00e7\u00e3o e Reforma Agr\u00e1ria (Incra), 11 invas\u00f5es de fazendas foram registradas no pa\u00eds no ano passado. Em 2020, foram apenas seis. No ano anterior, sete. Trata-se dos menores n\u00fameros verificados desde 1995, quando o [&hellip;]<\/p>\n","protected":false},"author":2,"featured_media":171401,"comment_status":"open","ping_status":"open","sticky":false,"template":"","format":"standard","meta":{"_monsterinsights_skip_tracking":false,"_monsterinsights_sitenote_active":false,"_monsterinsights_sitenote_note":"","_monsterinsights_sitenote_category":0},"categories":[6,30260,30259],"tags":[21017,195,701,38004,480,9830],"aioseo_notices":[],"_links":{"self":[{"href":"https:\/\/mspontocom.com.br\/site\/wp-json\/wp\/v2\/posts\/171385"}],"collection":[{"href":"https:\/\/mspontocom.com.br\/site\/wp-json\/wp\/v2\/posts"}],"about":[{"href":"https:\/\/mspontocom.com.br\/site\/wp-json\/wp\/v2\/types\/post"}],"author":[{"embeddable":true,"href":"https:\/\/mspontocom.com.br\/site\/wp-json\/wp\/v2\/users\/2"}],"replies":[{"embeddable":true,"href":"https:\/\/mspontocom.com.br\/site\/wp-json\/wp\/v2\/comments?post=171385"}],"version-history":[{"count":3,"href":"https:\/\/mspontocom.com.br\/site\/wp-json\/wp\/v2\/posts\/171385\/revisions"}],"predecessor-version":[{"id":171420,"href":"https:\/\/mspontocom.com.br\/site\/wp-json\/wp\/v2\/posts\/171385\/revisions\/171420"}],"wp:featuredmedia":[{"embeddable":true,"href":"https:\/\/mspontocom.com.br\/site\/wp-json\/wp\/v2\/media\/171401"}],"wp:attachment":[{"href":"https:\/\/mspontocom.com.br\/site\/wp-json\/wp\/v2\/media?parent=171385"}],"wp:term":[{"taxonomy":"category","embeddable":true,"href":"https:\/\/mspontocom.com.br\/site\/wp-json\/wp\/v2\/categories?post=171385"},{"taxonomy":"post_tag","embeddable":true,"href":"https:\/\/mspontocom.com.br\/site\/wp-json\/wp\/v2\/tags?post=171385"}],"curies":[{"name":"wp","href":"https:\/\/api.w.org\/{rel}","templated":true}]}}