{"id":171421,"date":"2022-06-07T15:24:31","date_gmt":"2022-06-07T19:24:31","guid":{"rendered":"https:\/\/mspontocom.com.br\/site\/?p=171421"},"modified":"2022-06-07T14:30:48","modified_gmt":"2022-06-07T18:30:48","slug":"lula-e-o-candidato-dos-ministros-do-stf-afirma-bolsonaro","status":"publish","type":"post","link":"https:\/\/mspontocom.com.br\/site\/lula-e-o-candidato-dos-ministros-do-stf-afirma-bolsonaro\/","title":{"rendered":"&#8220;Lula \u00e9 o candidato dos ministros do STF&#8221;, afirma Bolsonaro"},"content":{"rendered":"<p style=\"text-align: justify;\"><img loading=\"lazy\" class=\"alignnone size-medium wp-image-171434\" src=\"https:\/\/mspontocom.com.br\/site\/wp-content\/uploads\/2022\/06\/site-lula-pt-e-o-candidato-dos-ministros-diz-bolsonaro-stf-2-e8b5f394-e1654597264570-260x155.png\" alt=\"\" width=\"260\" height=\"155\" srcset=\"https:\/\/mspontocom.com.br\/site\/wp-content\/uploads\/2022\/06\/site-lula-pt-e-o-candidato-dos-ministros-diz-bolsonaro-stf-2-e8b5f394-e1654597264570-260x155.png 260w, https:\/\/mspontocom.com.br\/site\/wp-content\/uploads\/2022\/06\/site-lula-pt-e-o-candidato-dos-ministros-diz-bolsonaro-stf-2-e8b5f394-e1654597264570-768x457.png 768w, https:\/\/mspontocom.com.br\/site\/wp-content\/uploads\/2022\/06\/site-lula-pt-e-o-candidato-dos-ministros-diz-bolsonaro-stf-2-e8b5f394-e1654597264570.png 784w\" sizes=\"(max-width: 260px) 100vw, 260px\" \/><\/p>\n<p style=\"text-align: justify;\">O presidente <strong>Jair Bolsonaro<\/strong> (PL) afirmou nesta ter\u00e7a-feira, que o ministro <strong>Edson Fachin,<\/strong> presidente do TSE, deveria se considerar impedido de conduzir as elei\u00e7\u00f5es no Brasil.<\/p>\n<p style=\"text-align: justify;\">\u201cEm 2018, Fachin falou que fez falta o nome do Lula por ocasi\u00e3o das elei\u00e7\u00f5es. Deixo claro tamb\u00e9m que quem soltou Lula da cadeia e o tornou eleg\u00edvel foi o pr\u00f3prio Fachin\u201d, afirmou o presidente em conversa com apoiadores.<\/p>\n<p style=\"text-align: justify;\">Em entrevista \u00e0 BandNews TV, Bolsonaro criticou o ministro por \u201cchamar diplomatas para conhecerem o processo eleitoral\u201d.<\/p>\n<p style=\"text-align: justify;\">\u201cE deixa claro, nas palavras dele, que, uma vez anunciado o resultado das elei\u00e7\u00f5es, o mundo todo deve reconhecer imediatamente Lula como presidente da Rep\u00fablica eleito\u201d, disse Bolsonaro.<\/p>\n<p style=\"text-align: justify;\"><strong>O presidente afirmou que o ex-presidente Lula (PT) \u00e9 o candidato dos ministros Fachin, Alexandre de Moraes e Lu\u00eds Roberto Barroso. <\/strong><\/p>\n<h2 style=\"text-align: justify;\">Mais cr\u00edticas ao ministro Fachin<\/h2>\n<p style=\"text-align: justify;\">Na \u00faltima sexta-feira 27, Bolsonaro disse que Fachin anulou as condena\u00e7\u00f5es\u00a0impostas contra Lula para que o petista volte a ser eleito para comandar o Brasil.<\/p>\n<p style=\"text-align: justify;\">\u201cNingu\u00e9m vai botar o cara para fora com condena\u00e7\u00f5es grandes, em tr\u00eas inst\u00e2ncias, para ficar passeando por a\u00ed\u201d, afirmou Bolsonaro, em uma\u00a0<em>live<\/em>\u00a0nas redes sociais.<\/p>\n","protected":false},"excerpt":{"rendered":"<p>O presidente Jair Bolsonaro (PL) afirmou nesta ter\u00e7a-feira, que o ministro Edson Fachin, presidente do TSE, deveria se considerar impedido de conduzir as elei\u00e7\u00f5es no Brasil. \u201cEm 2018, Fachin falou que fez falta o nome do Lula por ocasi\u00e3o das elei\u00e7\u00f5es. Deixo claro tamb\u00e9m que quem soltou Lula da cadeia e o tornou eleg\u00edvel foi [&hellip;]<\/p>\n","protected":false},"author":2,"featured_media":171434,"comment_status":"open","ping_status":"open","sticky":false,"template":"","format":"standard","meta":{"_monsterinsights_skip_tracking":false,"_monsterinsights_sitenote_active":false,"_monsterinsights_sitenote_note":"","_monsterinsights_sitenote_category":0},"categories":[6,30260,30259],"tags":[21017,2473,480,587,3014],"aioseo_notices":[],"_links":{"self":[{"href":"https:\/\/mspontocom.com.br\/site\/wp-json\/wp\/v2\/posts\/171421"}],"collection":[{"href":"https:\/\/mspontocom.com.br\/site\/wp-json\/wp\/v2\/posts"}],"about":[{"href":"https:\/\/mspontocom.com.br\/site\/wp-json\/wp\/v2\/types\/post"}],"author":[{"embeddable":true,"href":"https:\/\/mspontocom.com.br\/site\/wp-json\/wp\/v2\/users\/2"}],"replies":[{"embeddable":true,"href":"https:\/\/mspontocom.com.br\/site\/wp-json\/wp\/v2\/comments?post=171421"}],"version-history":[{"count":2,"href":"https:\/\/mspontocom.com.br\/site\/wp-json\/wp\/v2\/posts\/171421\/revisions"}],"predecessor-version":[{"id":171435,"href":"https:\/\/mspontocom.com.br\/site\/wp-json\/wp\/v2\/posts\/171421\/revisions\/171435"}],"wp:featuredmedia":[{"embeddable":true,"href":"https:\/\/mspontocom.com.br\/site\/wp-json\/wp\/v2\/media\/171434"}],"wp:attachment":[{"href":"https:\/\/mspontocom.com.br\/site\/wp-json\/wp\/v2\/media?parent=171421"}],"wp:term":[{"taxonomy":"category","embeddable":true,"href":"https:\/\/mspontocom.com.br\/site\/wp-json\/wp\/v2\/categories?post=171421"},{"taxonomy":"post_tag","embeddable":true,"href":"https:\/\/mspontocom.com.br\/site\/wp-json\/wp\/v2\/tags?post=171421"}],"curies":[{"name":"wp","href":"https:\/\/api.w.org\/{rel}","templated":true}]}}