{"id":171423,"date":"2022-06-07T19:25:00","date_gmt":"2022-06-07T23:25:00","guid":{"rendered":"https:\/\/mspontocom.com.br\/site\/?p=171423"},"modified":"2022-06-07T16:31:24","modified_gmt":"2022-06-07T20:31:24","slug":"o-brasil-que-a-midia-ignora-artigo-de-j-r-guzzo","status":"publish","type":"post","link":"https:\/\/mspontocom.com.br\/site\/o-brasil-que-a-midia-ignora-artigo-de-j-r-guzzo\/","title":{"rendered":"O Brasil que a m\u00eddia ignora, artigo de J.R. Guzzo"},"content":{"rendered":"<p><strong>(<em>J.R. Guzzo<\/em>, publicado no jornal\u00a0<em>Gazeta do Povo<\/em>\u00a0em 6 de junho de 2022)<\/strong><\/p>\n<p style=\"text-align: justify;\"><img loading=\"lazy\" class=\"alignnone size-medium wp-image-171450\" src=\"https:\/\/mspontocom.com.br\/site\/wp-content\/uploads\/2022\/06\/site-o-brasil-que-a-midia-ignora-artigo-de-j-r-guzzo-bolsonaro-globo-260x173.jpeg\" alt=\"\" width=\"260\" height=\"173\" srcset=\"https:\/\/mspontocom.com.br\/site\/wp-content\/uploads\/2022\/06\/site-o-brasil-que-a-midia-ignora-artigo-de-j-r-guzzo-bolsonaro-globo-260x173.jpeg 260w, https:\/\/mspontocom.com.br\/site\/wp-content\/uploads\/2022\/06\/site-o-brasil-que-a-midia-ignora-artigo-de-j-r-guzzo-bolsonaro-globo.jpeg 600w\" sizes=\"(max-width: 260px) 100vw, 260px\" \/><\/p>\n<p style=\"text-align: justify;\">A economia do Brasil cresceu 1% no primeiro trimestre de 2022, o que n\u00e3o \u00e9 um marco na hist\u00f3ria universal do progresso \u2014 mas \u00e9 simplesmente tr\u00eas vezes mais que \u201c0,3\u201d que os s\u00e1bios do\u00a0<strong><a href=\"https:\/\/www.imf.org\/en\/Home\" target=\"_blank\" rel=\"noopener\">FMI<\/a>\u00a0<\/strong>previam, com a certeza de quem ganha um Nobel de Economia.<\/p>\n<p style=\"text-align: justify;\">\u00c9 \u00f3bvio que os economistas brasileiros mais procurados pelos jornalistas concordaram de olhos fechados com essa previs\u00e3o deprimente \u2014 alguns deles, como se sabe, est\u00e3o nessa vida h\u00e1 mais de 30 anos, falando sem parar que \u201co modelo\u201d capitalista morreu no Brasil, e n\u00e3o vai ressuscitar nunca mais.<\/p>\n<p style=\"text-align: justify;\">Era a prova final, segundo eles, que \u201co Bolsonaro\u201d est\u00e1 arruinando o pa\u00eds; no m\u00e1ximo consegue \u201cdespiorar\u201d, mas com certeza est\u00e1 conduzindo a economia brasileira para a sua destrui\u00e7\u00e3o.<\/p>\n<p style=\"text-align: justify;\">N\u00e3o \u00e9 s\u00f3 o crescimento econ\u00f4mico.<\/p>\n<p style=\"text-align: justify;\">O desemprego teve uma redu\u00e7\u00e3o dram\u00e1tica.<\/p>\n<p style=\"text-align: justify;\">Caiu de 14,8% para 10,5%, segundo a \u00faltima aferi\u00e7\u00e3o \u2014 e isso significa, na pr\u00e1tica, que no momento h\u00e1 100 milh\u00f5es de brasileiros com trabalho formal, com o \u00edndice de ocupa\u00e7\u00e3o superando os n\u00fameros de antes da pandemia. \u00c9 o melhor \u00edndice desde 2015.<\/p>\n<p style=\"text-align: justify;\">H\u00e1 nove meses seguidos o pa\u00eds tem super\u00e1vit fiscal, gastando menos do que arrecada \u2014 apesar de todas as despesas com o combate \u00e0 covid, verbas extras para a sa\u00fade dos Estados, 500 milh\u00f5es de doses de vacinas e o aux\u00edlio emergencial em dinheiro para os cidad\u00e3os, hoje no valor de R$ 400 por m\u00eas e oficializado com o nome de Renda Brasil.<\/p>\n<p style=\"text-align: justify;\">A infla\u00e7\u00e3o de maio foi de 0,4 por cento \u2014 cerca de metade do que previam todos os economistas, analistas de banco e os especialistas do \u201cmercado\u201d.<\/p>\n<p style=\"text-align: justify;\">O super\u00e1vit citado acima \u00e9 o maior em mais de 20 anos.<\/p>\n<p style=\"text-align: justify;\">A d\u00edvida p\u00fablica bruta, que inclui a previd\u00eancia social, os Estados e os munic\u00edpios, est\u00e1 em n\u00edveis anteriores aos da pandemia.<\/p>\n<p style=\"text-align: justify;\">O agroneg\u00f3cio pode ter em 2022 o melhor ano de sua hist\u00f3ria, e as exporta\u00e7\u00f5es batem novos recordes.<\/p>\n<p style=\"text-align: justify;\">Resumo desta opera: para um pa\u00eds que precisa crescer como uma China durante dez ou 20 anos para sair da pobreza, o desempenho da economia \u00e9 ruim \u2014 at\u00e9 por problemas estruturais, legais e pol\u00edticos que impedem o crescimento de qualquer na\u00e7\u00e3o.<\/p>\n<p style=\"text-align: justify;\">Mas a realidade da economia brasileira de hoje n\u00e3o tem absolutamente nada a ver com o quadro de calamidade que \u00e9 apresentado todos os dias ao p\u00fablico.<\/p>\n<p style=\"text-align: justify;\">O fato \u00e9 que os n\u00fameros acima s\u00e3o tratados pela m\u00eddia brasileira como se fossem um segredo de Estado \u2014 \u00e9 mais f\u00e1cil o camelo da B\u00edblia passar pelo buraco de uma agulha do que encontrar essas realidades expostas de maneira clara ou com destaque no notici\u00e1rio.<\/p>\n<p style=\"text-align: justify;\">Sai alguma coisa num fundo de p\u00e1gina ou num restinho de telejornal, \u00e9 verdade, porque tamb\u00e9m seria imposs\u00edvel n\u00e3o publicar nada.<\/p>\n<p style=\"text-align: justify;\">Mas os coment\u00e1rios sempre dizem que os n\u00fameros est\u00e3o \u201cabaixo\u201d do que deveriam ser e jamais que est\u00e3o acima do que foi previsto; a situa\u00e7\u00e3o, no seu modo de ver as coisas, apenas fica \u201cmenos pior\u201d.<\/p>\n<p style=\"text-align: justify;\">Da mesma forma, jamais se encontra, em alguma mat\u00e9ria indignada com a infla\u00e7\u00e3o brasileira, qualquer men\u00e7\u00e3o ao fato de que a infla\u00e7\u00e3o nos Estados Unidos est\u00e1 em 8,5% e a da Alemanha, o modelo extremo de seriedade e disciplina econ\u00f4micas, est\u00e1 acima de 8% \u2014 os piores \u00edndices em meio s\u00e9culo.<\/p>\n<p style=\"text-align: justify;\">Tamb\u00e9m nunca se menciona, quando falam de infla\u00e7\u00e3o, os dois anos de paralisa\u00e7\u00e3o da economia, com os \u201cfique em casa\u201d, as quarentenas e os \u201c<em>lockdowns<\/em>\u201d aplicados com tanta excita\u00e7\u00e3o pelo Supremo Tribunal Federal, pelos governadores e pelos prefeitos; \u00e9 como se nada disso tivesse existido, ou tido algum efeito sobre a alta de pre\u00e7os.<\/p>\n<p style=\"text-align: justify;\">Em todo o mundo, a infla\u00e7\u00e3o s\u00f3 existe no Brasil, e s\u00f3 \u201co Bolsonaro\u201d \u00e9 culpado por ela. \u00c9 um retrato acabado do Brasil de hoje, segundo a m\u00eddia. S\u00f3 acontecem coisas mais ou menos \u201cpiores\u201d.<\/p>\n","protected":false},"excerpt":{"rendered":"<p>(J.R. Guzzo, publicado no jornal\u00a0Gazeta do Povo\u00a0em 6 de junho de 2022) A economia do Brasil cresceu 1% no primeiro trimestre de 2022, o que n\u00e3o \u00e9 um marco na hist\u00f3ria universal do progresso \u2014 mas \u00e9 simplesmente tr\u00eas vezes mais que \u201c0,3\u201d que os s\u00e1bios do\u00a0FMI\u00a0previam, com a certeza de quem ganha um Nobel [&hellip;]<\/p>\n","protected":false},"author":2,"featured_media":171450,"comment_status":"open","ping_status":"open","sticky":false,"template":"","format":"standard","meta":{"_monsterinsights_skip_tracking":false,"_monsterinsights_sitenote_active":false,"_monsterinsights_sitenote_note":"","_monsterinsights_sitenote_category":0},"categories":[6],"tags":[],"aioseo_notices":[],"_links":{"self":[{"href":"https:\/\/mspontocom.com.br\/site\/wp-json\/wp\/v2\/posts\/171423"}],"collection":[{"href":"https:\/\/mspontocom.com.br\/site\/wp-json\/wp\/v2\/posts"}],"about":[{"href":"https:\/\/mspontocom.com.br\/site\/wp-json\/wp\/v2\/types\/post"}],"author":[{"embeddable":true,"href":"https:\/\/mspontocom.com.br\/site\/wp-json\/wp\/v2\/users\/2"}],"replies":[{"embeddable":true,"href":"https:\/\/mspontocom.com.br\/site\/wp-json\/wp\/v2\/comments?post=171423"}],"version-history":[{"count":3,"href":"https:\/\/mspontocom.com.br\/site\/wp-json\/wp\/v2\/posts\/171423\/revisions"}],"predecessor-version":[{"id":171452,"href":"https:\/\/mspontocom.com.br\/site\/wp-json\/wp\/v2\/posts\/171423\/revisions\/171452"}],"wp:featuredmedia":[{"embeddable":true,"href":"https:\/\/mspontocom.com.br\/site\/wp-json\/wp\/v2\/media\/171450"}],"wp:attachment":[{"href":"https:\/\/mspontocom.com.br\/site\/wp-json\/wp\/v2\/media?parent=171423"}],"wp:term":[{"taxonomy":"category","embeddable":true,"href":"https:\/\/mspontocom.com.br\/site\/wp-json\/wp\/v2\/categories?post=171423"},{"taxonomy":"post_tag","embeddable":true,"href":"https:\/\/mspontocom.com.br\/site\/wp-json\/wp\/v2\/tags?post=171423"}],"curies":[{"name":"wp","href":"https:\/\/api.w.org\/{rel}","templated":true}]}}