{"id":171425,"date":"2022-06-07T15:33:49","date_gmt":"2022-06-07T19:33:49","guid":{"rendered":"https:\/\/mspontocom.com.br\/site\/?p=171425"},"modified":"2022-06-07T14:33:36","modified_gmt":"2022-06-07T18:33:36","slug":"dallagnol-diz-nao-ser-mais-possivel-combater-a-corrupcao-no-judiciario","status":"publish","type":"post","link":"https:\/\/mspontocom.com.br\/site\/dallagnol-diz-nao-ser-mais-possivel-combater-a-corrupcao-no-judiciario\/","title":{"rendered":"Dallagnol diz n\u00e3o ser mais poss\u00edvel combater a corrup\u00e7\u00e3o no Judici\u00e1rio"},"content":{"rendered":"<p style=\"text-align: justify;\"><img loading=\"lazy\" class=\"alignnone size-medium wp-image-171448\" src=\"https:\/\/mspontocom.com.br\/site\/wp-content\/uploads\/2022\/06\/site-dallagnol-diz-nao-ser-mais-possivel-combater-a-corrupcao-no-judiciario-dallagnol-levanta-o-punho-direito-durante-palestra-em-brasilia-1636107276737-v2-450x337-1-260x195.jpg\" alt=\"\" width=\"260\" height=\"195\" srcset=\"https:\/\/mspontocom.com.br\/site\/wp-content\/uploads\/2022\/06\/site-dallagnol-diz-nao-ser-mais-possivel-combater-a-corrupcao-no-judiciario-dallagnol-levanta-o-punho-direito-durante-palestra-em-brasilia-1636107276737-v2-450x337-1-260x195.jpg 260w, https:\/\/mspontocom.com.br\/site\/wp-content\/uploads\/2022\/06\/site-dallagnol-diz-nao-ser-mais-possivel-combater-a-corrupcao-no-judiciario-dallagnol-levanta-o-punho-direito-durante-palestra-em-brasilia-1636107276737-v2-450x337-1.jpg 450w\" sizes=\"(max-width: 260px) 100vw, 260px\" \/><\/p>\n<p style=\"text-align: justify;\">O ex-procurador e coordenador da opera\u00e7\u00e3o, <strong>Deltan Dallagnol<\/strong> afirmou que houve um desmonte na <strong>Lava Jato<\/strong> nos \u00faltimos meses vindo do Supremo Tribunal Federal<strong> (STF)<\/strong> e do Congresso.<\/p>\n<p style=\"text-align: justify;\">\u201cN\u00e3o s\u00f3 desmontaram as condena\u00e7\u00f5es, mas est\u00e3o retirando do Minist\u00e9rio P\u00fablico e do Judici\u00e1rio os instrumentos de trabalho. Eles acabaram com a dela\u00e7\u00e3o premiada, com a pris\u00e3o preventiva, por meio de mudan\u00e7as no Congresso. O Supremo acabou com a pris\u00e3o em segunda inst\u00e2ncia e chegamos a um ponto em que <strong>n\u00e3o \u00e9 mais poss\u00edvel a gente trabalhar contra a corrup\u00e7\u00e3o de dentro do MP e do Judici\u00e1rio\u201d,<\/strong> disse.<\/p>\n<p style=\"text-align: justify;\">Segundo Dallagnol, com algumas exce\u00e7\u00f5es, os ministros do<strong> STF<\/strong> \u201cn\u00e3o s\u00f3 est\u00e1 garantindo a impunidade dos corruptos, mas o sistema est\u00e1 buscando vingan\u00e7a em cima de quem combateu a corrup\u00e7\u00e3o e isso est\u00e1 claro\u201d.<\/p>\n<div id=\"ddp-ads-AD-51\" style=\"text-align: justify;\" data-google-query-id=\"CMfhpbaIm_gCFTo3uQYdpZoMNg\">\n<div id=\"google_ads_iframe_\/21727414016\/AD-51_0__container__\">Na disputa por uma das vagas de deputado federal pelo Paran\u00e1, Dallagnol analisou o caso Daniel Silveira para exemplificar o qu\u00e3o pol\u00edtico v\u00eam sendo os julgamentos do STF.<\/div>\n<div><\/div>\n<div>Segundo ele, o deputado errou e \u201cabusou falando coisas que n\u00e3o deveria\u201d, mas a Constitui\u00e7\u00e3o o protege.<\/div>\n<\/div>\n<p style=\"text-align: justify;\">O ex-procurador tamb\u00e9m lembrou que os condenados do <strong>mensal\u00e3o<\/strong>, \u201cque desviaram R$ 100 milh\u00f5es, foram punidos em pouco mais de sete anos de pris\u00e3o\u201d e <strong>Daniel Silveira<\/strong> recebeu pena de mais de oito anos de pris\u00e3o pelo que falou.<\/p>\n<p style=\"text-align: justify;\">A entrevista foi concedida ao Jornal de Bras\u00edlia.<\/p>\n<p>fonte: Andre Brito, Diario do Poder<\/p>\n","protected":false},"excerpt":{"rendered":"<p>O ex-procurador e coordenador da opera\u00e7\u00e3o, Deltan Dallagnol afirmou que houve um desmonte na Lava Jato nos \u00faltimos meses vindo do Supremo Tribunal Federal (STF) e do Congresso. \u201cN\u00e3o s\u00f3 desmontaram as condena\u00e7\u00f5es, mas est\u00e3o retirando do Minist\u00e9rio P\u00fablico e do Judici\u00e1rio os instrumentos de trabalho. Eles acabaram com a dela\u00e7\u00e3o premiada, com a pris\u00e3o [&hellip;]<\/p>\n","protected":false},"author":2,"featured_media":171448,"comment_status":"open","ping_status":"open","sticky":false,"template":"","format":"standard","meta":{"_monsterinsights_skip_tracking":false,"_monsterinsights_sitenote_active":false,"_monsterinsights_sitenote_note":"","_monsterinsights_sitenote_category":0},"categories":[6,1,2528],"tags":[],"aioseo_notices":[],"_links":{"self":[{"href":"https:\/\/mspontocom.com.br\/site\/wp-json\/wp\/v2\/posts\/171425"}],"collection":[{"href":"https:\/\/mspontocom.com.br\/site\/wp-json\/wp\/v2\/posts"}],"about":[{"href":"https:\/\/mspontocom.com.br\/site\/wp-json\/wp\/v2\/types\/post"}],"author":[{"embeddable":true,"href":"https:\/\/mspontocom.com.br\/site\/wp-json\/wp\/v2\/users\/2"}],"replies":[{"embeddable":true,"href":"https:\/\/mspontocom.com.br\/site\/wp-json\/wp\/v2\/comments?post=171425"}],"version-history":[{"count":3,"href":"https:\/\/mspontocom.com.br\/site\/wp-json\/wp\/v2\/posts\/171425\/revisions"}],"predecessor-version":[{"id":171453,"href":"https:\/\/mspontocom.com.br\/site\/wp-json\/wp\/v2\/posts\/171425\/revisions\/171453"}],"wp:featuredmedia":[{"embeddable":true,"href":"https:\/\/mspontocom.com.br\/site\/wp-json\/wp\/v2\/media\/171448"}],"wp:attachment":[{"href":"https:\/\/mspontocom.com.br\/site\/wp-json\/wp\/v2\/media?parent=171425"}],"wp:term":[{"taxonomy":"category","embeddable":true,"href":"https:\/\/mspontocom.com.br\/site\/wp-json\/wp\/v2\/categories?post=171425"},{"taxonomy":"post_tag","embeddable":true,"href":"https:\/\/mspontocom.com.br\/site\/wp-json\/wp\/v2\/tags?post=171425"}],"curies":[{"name":"wp","href":"https:\/\/api.w.org\/{rel}","templated":true}]}}