{"id":171458,"date":"2022-06-08T07:22:23","date_gmt":"2022-06-08T11:22:23","guid":{"rendered":"https:\/\/mspontocom.com.br\/site\/?p=171458"},"modified":"2022-06-08T07:22:23","modified_gmt":"2022-06-08T11:22:23","slug":"governo-federal-lanca-curso-com-orientacoes-sobre-casamento","status":"publish","type":"post","link":"https:\/\/mspontocom.com.br\/site\/governo-federal-lanca-curso-com-orientacoes-sobre-casamento\/","title":{"rendered":"Governo Federal lan\u00e7a curso com orienta\u00e7\u00f5es sobre casamento"},"content":{"rendered":"<p><img loading=\"lazy\" class=\"alignnone size-medium wp-image-171471\" src=\"https:\/\/mspontocom.com.br\/site\/wp-content\/uploads\/2022\/06\/site-governo-federal-lanca-curso-com-orientacoes-sobre-casamento-casamento-260x131.png\" alt=\"\" width=\"260\" height=\"131\" srcset=\"https:\/\/mspontocom.com.br\/site\/wp-content\/uploads\/2022\/06\/site-governo-federal-lanca-curso-com-orientacoes-sobre-casamento-casamento-260x131.png 260w, https:\/\/mspontocom.com.br\/site\/wp-content\/uploads\/2022\/06\/site-governo-federal-lanca-curso-com-orientacoes-sobre-casamento-casamento-768x387.png 768w, https:\/\/mspontocom.com.br\/site\/wp-content\/uploads\/2022\/06\/site-governo-federal-lanca-curso-com-orientacoes-sobre-casamento-casamento.png 857w\" sizes=\"(max-width: 260px) 100vw, 260px\" \/><\/p>\n<p>O Minist\u00e9rio da Mulher, da Fam\u00edlia e dos Direitos Humanos apresentou na 3\u00aa feira o <strong>curso Casar \u00e9 Legal. <\/strong><\/p>\n<p>A capacita\u00e7\u00e3o \u00e9 destinada a pessoas que desejam obter informa\u00e7\u00f5es sobre o casamento civil.<\/p>\n<p>O lan\u00e7amento foi realizado durante evento no Pal\u00e1cio do Planalto, com a presen\u00e7a do presidente <strong>Jair Bolsonaro<\/strong> (PL), para falar sobre a\u00e7\u00f5es voltadas \u00e0s mulheres e \u00e0 fam\u00edlia.<\/p>\n<p>O curso tem como p\u00fablico-alvo noivos solteiros, casados somente no religioso e pessoas em uni\u00e3o est\u00e1vel.<\/p>\n<p>Segundo o minist\u00e9rio, a forma\u00e7\u00e3o tem 10 horas de dura\u00e7\u00e3o.<\/p>\n<p>\u00c9 composta por 7 unidades, que abordam temas como regime de bens, direitos e deveres dos c\u00f4njuges, tr\u00e2mites do casamento, preven\u00e7\u00e3o e enfrentamento da viol\u00eancia dom\u00e9stica e formas de dissolu\u00e7\u00e3o do casamento.<\/p>\n<p>O<strong> curso digital<\/strong> est\u00e1 dispon\u00edvel no portal\u00a0Escola Nacional da Fam\u00edlia, e inclui uma cartilha.<\/p>\n<p>O material tamb\u00e9m ser\u00e1 distribu\u00eddo em todos os cart\u00f3rios civis do pa\u00eds.<\/p>\n<p>&nbsp;<\/p>\n<p>fonte; agencia Brasil<\/p>\n","protected":false},"excerpt":{"rendered":"<p>O Minist\u00e9rio da Mulher, da Fam\u00edlia e dos Direitos Humanos apresentou na 3\u00aa feira o curso Casar \u00e9 Legal. A capacita\u00e7\u00e3o \u00e9 destinada a pessoas que desejam obter informa\u00e7\u00f5es sobre o casamento civil. O lan\u00e7amento foi realizado durante evento no Pal\u00e1cio do Planalto, com a presen\u00e7a do presidente Jair Bolsonaro (PL), para falar sobre a\u00e7\u00f5es [&hellip;]<\/p>\n","protected":false},"author":2,"featured_media":171471,"comment_status":"open","ping_status":"open","sticky":false,"template":"","format":"standard","meta":{"_monsterinsights_skip_tracking":false,"_monsterinsights_sitenote_active":false,"_monsterinsights_sitenote_note":"","_monsterinsights_sitenote_category":0},"categories":[6],"tags":[21017,38013,435,38014],"aioseo_notices":[],"_links":{"self":[{"href":"https:\/\/mspontocom.com.br\/site\/wp-json\/wp\/v2\/posts\/171458"}],"collection":[{"href":"https:\/\/mspontocom.com.br\/site\/wp-json\/wp\/v2\/posts"}],"about":[{"href":"https:\/\/mspontocom.com.br\/site\/wp-json\/wp\/v2\/types\/post"}],"author":[{"embeddable":true,"href":"https:\/\/mspontocom.com.br\/site\/wp-json\/wp\/v2\/users\/2"}],"replies":[{"embeddable":true,"href":"https:\/\/mspontocom.com.br\/site\/wp-json\/wp\/v2\/comments?post=171458"}],"version-history":[{"count":2,"href":"https:\/\/mspontocom.com.br\/site\/wp-json\/wp\/v2\/posts\/171458\/revisions"}],"predecessor-version":[{"id":171472,"href":"https:\/\/mspontocom.com.br\/site\/wp-json\/wp\/v2\/posts\/171458\/revisions\/171472"}],"wp:featuredmedia":[{"embeddable":true,"href":"https:\/\/mspontocom.com.br\/site\/wp-json\/wp\/v2\/media\/171471"}],"wp:attachment":[{"href":"https:\/\/mspontocom.com.br\/site\/wp-json\/wp\/v2\/media?parent=171458"}],"wp:term":[{"taxonomy":"category","embeddable":true,"href":"https:\/\/mspontocom.com.br\/site\/wp-json\/wp\/v2\/categories?post=171458"},{"taxonomy":"post_tag","embeddable":true,"href":"https:\/\/mspontocom.com.br\/site\/wp-json\/wp\/v2\/tags?post=171458"}],"curies":[{"name":"wp","href":"https:\/\/api.w.org\/{rel}","templated":true}]}}