{"id":171463,"date":"2022-06-08T16:09:27","date_gmt":"2022-06-08T20:09:27","guid":{"rendered":"https:\/\/mspontocom.com.br\/site\/?p=171463"},"modified":"2022-06-08T15:54:54","modified_gmt":"2022-06-08T19:54:54","slug":"em-discurso-inflamado-bolsonaro-questiona-se-ministros-do-stf-querem-uma-ruptura","status":"publish","type":"post","link":"https:\/\/mspontocom.com.br\/site\/em-discurso-inflamado-bolsonaro-questiona-se-ministros-do-stf-querem-uma-ruptura\/","title":{"rendered":"Em discurso inflamado, Bolsonaro questiona se ministros do STF \u2018querem uma ruptura\u2019"},"content":{"rendered":"<p style=\"text-align: justify;\"><img loading=\"lazy\" class=\"alignnone size-medium wp-image-171469\" src=\"https:\/\/mspontocom.com.br\/site\/wp-content\/uploads\/2022\/06\/site-em-discurso-inflamado-bolsonaro-questiona-se-ministros-do-stf-querem-uma-ruptura-bolso-fachin-e1654686673102-260x154.jpg\" alt=\"\" width=\"260\" height=\"154\" srcset=\"https:\/\/mspontocom.com.br\/site\/wp-content\/uploads\/2022\/06\/site-em-discurso-inflamado-bolsonaro-questiona-se-ministros-do-stf-querem-uma-ruptura-bolso-fachin-e1654686673102-260x154.jpg 260w, https:\/\/mspontocom.com.br\/site\/wp-content\/uploads\/2022\/06\/site-em-discurso-inflamado-bolsonaro-questiona-se-ministros-do-stf-querem-uma-ruptura-bolso-fachin-e1654686673102-1024x605.jpg 1024w, https:\/\/mspontocom.com.br\/site\/wp-content\/uploads\/2022\/06\/site-em-discurso-inflamado-bolsonaro-questiona-se-ministros-do-stf-querem-uma-ruptura-bolso-fachin-e1654686673102-768x453.jpg 768w, https:\/\/mspontocom.com.br\/site\/wp-content\/uploads\/2022\/06\/site-em-discurso-inflamado-bolsonaro-questiona-se-ministros-do-stf-querem-uma-ruptura-bolso-fachin-e1654686673102.jpg 1062w\" sizes=\"(max-width: 260px) 100vw, 260px\" \/><\/p>\n<p style=\"text-align: justify;\">O presidente <strong>Jair Bolsonaro<\/strong> participou do lan\u00e7amento do programa Brasil pela Vida e pela Fam\u00edlia no Pal\u00e1cio do Planalto e, em seu discurso, comentou sobre a decis\u00e3o da Segunda Turma do STF que impediu a devolu\u00e7\u00e3o do mandato do deputado estadual <strong>Fernando Francischini<\/strong>\u00a0(Uni\u00e3o Brasil-PR).<\/p>\n<p style=\"text-align: justify;\">Em tom inflamado, presidente criticou decis\u00e3o e voltou a amea\u00e7ar n\u00e3o cumprir decis\u00f5es judiciais e <strong>indagou se os ministros do STF querem uma ruptura.<\/strong><\/p>\n<p style=\"text-align: justify;\">Bolsonaro alegou estar \u201cindignado\u201d com o placar de 3 votos favor\u00e1veis e 2 contr\u00e1rios \u00e0 decis\u00e3o monocr\u00e1tica do pr\u00f3prio Nunes Marques e questionou puni\u00e7\u00f5es baseadas na dissemina\u00e7\u00e3o de not\u00edcias falsa.<\/p>\n<p style=\"text-align: justify;\">\u201cSer\u00e1 que tr\u00eas no Supremo Tribuna Federal que podem muito, podem continuar achando que podem tudo? Tem de haver uma rea\u00e7\u00e3o\u201d, disse.<\/p>\n<p style=\"text-align: justify;\">O comandante do Planalto tamb\u00e9m classificou um \u201cestupro\u201d \u00e0 democracia brasileira as falas de <strong>Edson Fachin\u00a0<\/strong>de que, independente dos resultados nas elei\u00e7\u00f5es presidenciais em outubro, os candidatos n\u00e3o devem contestar o legitimidade do vencedor.<\/p>\n<p style=\"text-align: justify;\">\n","protected":false},"excerpt":{"rendered":"<p>O presidente Jair Bolsonaro participou do lan\u00e7amento do programa Brasil pela Vida e pela Fam\u00edlia no Pal\u00e1cio do Planalto e, em seu discurso, comentou sobre a decis\u00e3o da Segunda Turma do STF que impediu a devolu\u00e7\u00e3o do mandato do deputado estadual Fernando Francischini\u00a0(Uni\u00e3o Brasil-PR). Em tom inflamado, presidente criticou decis\u00e3o e voltou a amea\u00e7ar n\u00e3o [&hellip;]<\/p>\n","protected":false},"author":2,"featured_media":171469,"comment_status":"open","ping_status":"open","sticky":false,"template":"","format":"standard","meta":{"_monsterinsights_skip_tracking":false,"_monsterinsights_sitenote_active":false,"_monsterinsights_sitenote_note":"","_monsterinsights_sitenote_category":0},"categories":[6,30260,30259],"tags":[21017,38012,21908,35239],"aioseo_notices":[],"_links":{"self":[{"href":"https:\/\/mspontocom.com.br\/site\/wp-json\/wp\/v2\/posts\/171463"}],"collection":[{"href":"https:\/\/mspontocom.com.br\/site\/wp-json\/wp\/v2\/posts"}],"about":[{"href":"https:\/\/mspontocom.com.br\/site\/wp-json\/wp\/v2\/types\/post"}],"author":[{"embeddable":true,"href":"https:\/\/mspontocom.com.br\/site\/wp-json\/wp\/v2\/users\/2"}],"replies":[{"embeddable":true,"href":"https:\/\/mspontocom.com.br\/site\/wp-json\/wp\/v2\/comments?post=171463"}],"version-history":[{"count":2,"href":"https:\/\/mspontocom.com.br\/site\/wp-json\/wp\/v2\/posts\/171463\/revisions"}],"predecessor-version":[{"id":171470,"href":"https:\/\/mspontocom.com.br\/site\/wp-json\/wp\/v2\/posts\/171463\/revisions\/171470"}],"wp:featuredmedia":[{"embeddable":true,"href":"https:\/\/mspontocom.com.br\/site\/wp-json\/wp\/v2\/media\/171469"}],"wp:attachment":[{"href":"https:\/\/mspontocom.com.br\/site\/wp-json\/wp\/v2\/media?parent=171463"}],"wp:term":[{"taxonomy":"category","embeddable":true,"href":"https:\/\/mspontocom.com.br\/site\/wp-json\/wp\/v2\/categories?post=171463"},{"taxonomy":"post_tag","embeddable":true,"href":"https:\/\/mspontocom.com.br\/site\/wp-json\/wp\/v2\/tags?post=171463"}],"curies":[{"name":"wp","href":"https:\/\/api.w.org\/{rel}","templated":true}]}}