{"id":171488,"date":"2022-06-08T17:25:59","date_gmt":"2022-06-08T21:25:59","guid":{"rendered":"https:\/\/mspontocom.com.br\/site\/?p=171488"},"modified":"2022-06-08T16:05:10","modified_gmt":"2022-06-08T20:05:10","slug":"ex-lava-jato-compara-decisoes-do-stf-ao-decreto-salva-ladroes","status":"publish","type":"post","link":"https:\/\/mspontocom.com.br\/site\/ex-lava-jato-compara-decisoes-do-stf-ao-decreto-salva-ladroes\/","title":{"rendered":"Ex-Lava Jato compara decis\u00f5es do STF ao decreto \u2018salva ladr\u00f5es\u2019"},"content":{"rendered":"<p><img loading=\"lazy\" class=\"size-medium wp-image-171489\" src=\"https:\/\/mspontocom.com.br\/site\/wp-content\/uploads\/2022\/06\/site-ex-lava-jato-compara-decisoes-do-stf-ao-decreto-salva-ladroes-procurador-260x140.jpg\" alt=\"\" width=\"260\" height=\"140\" srcset=\"https:\/\/mspontocom.com.br\/site\/wp-content\/uploads\/2022\/06\/site-ex-lava-jato-compara-decisoes-do-stf-ao-decreto-salva-ladroes-procurador-260x140.jpg 260w, https:\/\/mspontocom.com.br\/site\/wp-content\/uploads\/2022\/06\/site-ex-lava-jato-compara-decisoes-do-stf-ao-decreto-salva-ladroes-procurador.jpg 650w\" sizes=\"(max-width: 260px) 100vw, 260px\" \/><\/p>\n<p style=\"text-align: justify;\">As anula\u00e7\u00f5es de condena\u00e7\u00f5es no \u00e2mbito da <strong>Opera\u00e7\u00e3o Lava Jato<\/strong> decididas pelo Supremo Tribunal Federal (STF) s\u00e3o, para o ex-procurador do Minist\u00e9rio P\u00fablico Federal <strong>Carlos Fernando dos Santos Lima,<\/strong> iguais ao decreto do governo do ent\u00e3o primeiro-ministro <strong>Silvio Berlusconi<\/strong>, na It\u00e1lia.<\/p>\n<p style=\"text-align: justify;\">Em 1994, a decis\u00e3o do governo italiano livrou investigados e presos da <strong>Opera\u00e7\u00e3o M\u00e3os Limpas<\/strong> \u2014 investiga\u00e7\u00e3o contra integrantes da M\u00e1fia e pol\u00edticos na It\u00e1lia nos anos 1990.<\/p>\n<p style=\"text-align: justify;\">O decreto ficou conhecido como <strong>\u201c<em>Salva ladri<\/em>\u201d<\/strong> (salva ladr\u00f5es) e impedia a pris\u00e3o cautelar para a maioria dos crimes de corrup\u00e7\u00e3o.<\/p>\n<p style=\"text-align: justify;\"><strong>\u201cA\u00a0responsabilidade pelo \u2018<em>salva ladri<\/em>\u2018 deve ser imputada a seis ju\u00edzes do Supremo Tribunal Federal\u201d, disse Santos Lima.<\/strong><\/p>\n<p style=\"text-align: justify;\"><span data-contrast=\"auto\"> O ex-procurador afirma ainda que integrantes da Lava Jato sabiam das dificuldades na puni\u00e7\u00e3o, porque o<\/span><span data-contrast=\"auto\">\u00a0\u201cJudici\u00e1rio brasileiro n\u00e3o foi moldado, preparado e pensado para punir criminosos poderosos\u201d.\u00a0<\/span><\/p>\n<p style=\"text-align: justify;\">Hoje aposentado, Santos Lima fez parte da Lava Jato por quatro anos, sendo um dos principais respons\u00e1veis por negociar dela\u00e7\u00f5es de empreiteiros, empres\u00e1rios e pol\u00edticos.<\/p>\n","protected":false},"excerpt":{"rendered":"<p>As anula\u00e7\u00f5es de condena\u00e7\u00f5es no \u00e2mbito da Opera\u00e7\u00e3o Lava Jato decididas pelo Supremo Tribunal Federal (STF) s\u00e3o, para o ex-procurador do Minist\u00e9rio P\u00fablico Federal Carlos Fernando dos Santos Lima, iguais ao decreto do governo do ent\u00e3o primeiro-ministro Silvio Berlusconi, na It\u00e1lia. Em 1994, a decis\u00e3o do governo italiano livrou investigados e presos da Opera\u00e7\u00e3o M\u00e3os [&hellip;]<\/p>\n","protected":false},"author":2,"featured_media":171489,"comment_status":"open","ping_status":"open","sticky":false,"template":"","format":"standard","meta":{"_monsterinsights_skip_tracking":false,"_monsterinsights_sitenote_active":false,"_monsterinsights_sitenote_note":"","_monsterinsights_sitenote_category":0},"categories":[2528],"tags":[27742,32027,38017,38016],"aioseo_notices":[],"_links":{"self":[{"href":"https:\/\/mspontocom.com.br\/site\/wp-json\/wp\/v2\/posts\/171488"}],"collection":[{"href":"https:\/\/mspontocom.com.br\/site\/wp-json\/wp\/v2\/posts"}],"about":[{"href":"https:\/\/mspontocom.com.br\/site\/wp-json\/wp\/v2\/types\/post"}],"author":[{"embeddable":true,"href":"https:\/\/mspontocom.com.br\/site\/wp-json\/wp\/v2\/users\/2"}],"replies":[{"embeddable":true,"href":"https:\/\/mspontocom.com.br\/site\/wp-json\/wp\/v2\/comments?post=171488"}],"version-history":[{"count":1,"href":"https:\/\/mspontocom.com.br\/site\/wp-json\/wp\/v2\/posts\/171488\/revisions"}],"predecessor-version":[{"id":171490,"href":"https:\/\/mspontocom.com.br\/site\/wp-json\/wp\/v2\/posts\/171488\/revisions\/171490"}],"wp:featuredmedia":[{"embeddable":true,"href":"https:\/\/mspontocom.com.br\/site\/wp-json\/wp\/v2\/media\/171489"}],"wp:attachment":[{"href":"https:\/\/mspontocom.com.br\/site\/wp-json\/wp\/v2\/media?parent=171488"}],"wp:term":[{"taxonomy":"category","embeddable":true,"href":"https:\/\/mspontocom.com.br\/site\/wp-json\/wp\/v2\/categories?post=171488"},{"taxonomy":"post_tag","embeddable":true,"href":"https:\/\/mspontocom.com.br\/site\/wp-json\/wp\/v2\/tags?post=171488"}],"curies":[{"name":"wp","href":"https:\/\/api.w.org\/{rel}","templated":true}]}}