{"id":171502,"date":"2022-06-09T14:24:43","date_gmt":"2022-06-09T18:24:43","guid":{"rendered":"https:\/\/mspontocom.com.br\/site\/?p=171502"},"modified":"2022-06-09T14:08:25","modified_gmt":"2022-06-09T18:08:25","slug":"reus-que-apoiam-bolsonaro-tornam-stf-subitamente-agil","status":"publish","type":"post","link":"https:\/\/mspontocom.com.br\/site\/reus-que-apoiam-bolsonaro-tornam-stf-subitamente-agil\/","title":{"rendered":"R\u00e9us que apoiam Bolsonaro tornam STF subitamente \u00e1gil"},"content":{"rendered":"<p style=\"text-align: justify;\"><img loading=\"lazy\" class=\"alignnone size-medium wp-image-171519\" src=\"https:\/\/mspontocom.com.br\/site\/wp-content\/uploads\/2022\/06\/site-reus-que-apoiam-bolsonaro-tornam-stf-subitamente-agil-stf-2-e8b5f394-e1654773716806-260x157.png\" alt=\"\" width=\"260\" height=\"157\" srcset=\"https:\/\/mspontocom.com.br\/site\/wp-content\/uploads\/2022\/06\/site-reus-que-apoiam-bolsonaro-tornam-stf-subitamente-agil-stf-2-e8b5f394-e1654773716806-260x157.png 260w, https:\/\/mspontocom.com.br\/site\/wp-content\/uploads\/2022\/06\/site-reus-que-apoiam-bolsonaro-tornam-stf-subitamente-agil-stf-2-e8b5f394-e1654773716806-768x465.png 768w, https:\/\/mspontocom.com.br\/site\/wp-content\/uploads\/2022\/06\/site-reus-que-apoiam-bolsonaro-tornam-stf-subitamente-agil-stf-2-e8b5f394-e1654773716806.png 788w\" sizes=\"(max-width: 260px) 100vw, 260px\" \/><\/p>\n<p style=\"text-align: justify;\">Se o <strong>Supremo Tribunal Federal (STF)<\/strong> levou apenas quatro dias para derrubar a decis\u00e3o que suspendia a cassa\u00e7\u00e3o de dois deputados que apoaim o presidente <strong>Jair Bolsonaro,<\/strong> n\u00e3o tem a mesma pressa quando se trata de pol\u00edticos, digamos, de outros campos.<\/p>\n<p style=\"text-align: justify;\">O ministro Dias Toffoli tamb\u00e9m suspendeu a cassa\u00e7\u00e3o de um deputado de Bras\u00edlia, em 2020, e at\u00e9 hoje, 441 dias depois, n\u00e3o h\u00e1 sinais de que o caso v\u00e1 a julgamento no STF.<\/p>\n<p style=\"text-align: justify;\">O deputado foi cassado em 7 de outubro e nove dias depois Toffoli cassou a medida.<\/p>\n<div class=\"notas\">\n<div id=\"Nota-2\" class=\"entry-block ch-nota Nota-2\" style=\"text-align: justify;\">\n<h3>Desde 2020<\/h3>\n<\/div>\n<p style=\"text-align: justify;\">A cassa\u00e7\u00e3o suspensa 16 de outubro de 2020 envolve um rico empres\u00e1rio que \u00e9 deputado distrital em Bras\u00edlia, Jos\u00e9 Gomes (PP).<\/p>\n<div id=\"Nota-3\" class=\"entry-block ch-nota Nota-3\" style=\"text-align: justify;\">\n<h3>Abuso de poder<\/h3>\n<\/div>\n<p style=\"text-align: justify;\">Gomes foi cassado pelo Tribunal Superior Eleitoral (TSE) por \u201cabuso de poder econ\u00f4mico\u201d contra funcion\u00e1rios de suas empresas.<\/p>\n<div id=\"Nota-4\" class=\"entry-block ch-nota Nota-4\" style=\"text-align: justify;\">\n<h3>Decis\u00e3o vapt-vupt<\/h3>\n<\/div>\n<p style=\"text-align: justify;\">A decis\u00e3o vapt-vupt de Toffoli, suspendendo a puni\u00e7\u00e3o de Gomes, saiu logo ap\u00f3s a cassa\u00e7\u00e3o. A suplente Luzia de Paula nem esquentou lugar.<\/p>\n<div id=\"Nota-5\" class=\"entry-block ch-nota Nota-5\" style=\"text-align: justify;\">\n<h3>J\u00e1 est\u00e1 em outra<\/h3>\n<\/div>\n<p style=\"text-align: justify;\">Certo de que nada lhe vai acontecer, e como o abuso de poder foi relativizado no STF, Gomes agora \u00e9 pr\u00e9-candidato a deputado federal.<\/p>\n<p>&nbsp;<\/p>\n<\/div>\n<p>fonte: Claudio Humberto, Di\u00e1rio do Poder<\/p>\n<div class=\"notas\">\n<div class=\"ddp-ads\">\n<div class=\"pub-hor pos-5\">\n<div id=\"ddp-ads-horizontal-5\" style=\"text-align: justify;\" data-google-query-id=\"CIKa-tiKoPgCFUyqlQIdf2QASg\"><\/div>\n<\/div>\n<\/div>\n<\/div>\n","protected":false},"excerpt":{"rendered":"<p>Se o Supremo Tribunal Federal (STF) levou apenas quatro dias para derrubar a decis\u00e3o que suspendia a cassa\u00e7\u00e3o de dois deputados que apoaim o presidente Jair Bolsonaro, n\u00e3o tem a mesma pressa quando se trata de pol\u00edticos, digamos, de outros campos. O ministro Dias Toffoli tamb\u00e9m suspendeu a cassa\u00e7\u00e3o de um deputado de Bras\u00edlia, em [&hellip;]<\/p>\n","protected":false},"author":2,"featured_media":171519,"comment_status":"open","ping_status":"open","sticky":false,"template":"","format":"standard","meta":{"_monsterinsights_skip_tracking":false,"_monsterinsights_sitenote_active":false,"_monsterinsights_sitenote_note":"","_monsterinsights_sitenote_category":0},"categories":[30260,1,2528,30259],"tags":[38020,3546,21017,27489,3014],"aioseo_notices":[],"_links":{"self":[{"href":"https:\/\/mspontocom.com.br\/site\/wp-json\/wp\/v2\/posts\/171502"}],"collection":[{"href":"https:\/\/mspontocom.com.br\/site\/wp-json\/wp\/v2\/posts"}],"about":[{"href":"https:\/\/mspontocom.com.br\/site\/wp-json\/wp\/v2\/types\/post"}],"author":[{"embeddable":true,"href":"https:\/\/mspontocom.com.br\/site\/wp-json\/wp\/v2\/users\/2"}],"replies":[{"embeddable":true,"href":"https:\/\/mspontocom.com.br\/site\/wp-json\/wp\/v2\/comments?post=171502"}],"version-history":[{"count":2,"href":"https:\/\/mspontocom.com.br\/site\/wp-json\/wp\/v2\/posts\/171502\/revisions"}],"predecessor-version":[{"id":171520,"href":"https:\/\/mspontocom.com.br\/site\/wp-json\/wp\/v2\/posts\/171502\/revisions\/171520"}],"wp:featuredmedia":[{"embeddable":true,"href":"https:\/\/mspontocom.com.br\/site\/wp-json\/wp\/v2\/media\/171519"}],"wp:attachment":[{"href":"https:\/\/mspontocom.com.br\/site\/wp-json\/wp\/v2\/media?parent=171502"}],"wp:term":[{"taxonomy":"category","embeddable":true,"href":"https:\/\/mspontocom.com.br\/site\/wp-json\/wp\/v2\/categories?post=171502"},{"taxonomy":"post_tag","embeddable":true,"href":"https:\/\/mspontocom.com.br\/site\/wp-json\/wp\/v2\/tags?post=171502"}],"curies":[{"name":"wp","href":"https:\/\/api.w.org\/{rel}","templated":true}]}}