{"id":171506,"date":"2022-06-09T14:11:07","date_gmt":"2022-06-09T18:11:07","guid":{"rendered":"https:\/\/mspontocom.com.br\/site\/?p=171506"},"modified":"2022-06-09T14:06:36","modified_gmt":"2022-06-09T18:06:36","slug":"descumprir-decisao-do-supremo-nao-e-afronta-afirma-bolsonaro","status":"publish","type":"post","link":"https:\/\/mspontocom.com.br\/site\/descumprir-decisao-do-supremo-nao-e-afronta-afirma-bolsonaro\/","title":{"rendered":"\u2018Descumprir decis\u00e3o do Supremo n\u00e3o \u00e9 afronta\u2019, afirma Bolsonaro"},"content":{"rendered":"<p style=\"text-align: justify;\"><img loading=\"lazy\" class=\"alignnone size-medium wp-image-171517\" src=\"https:\/\/mspontocom.com.br\/site\/wp-content\/uploads\/2022\/06\/site-descumprir-decisao-do-supremo-nao-e-afronta-afirma-bolsonaro-stf2-e1654772974238-260x135.jpg\" alt=\"\" width=\"260\" height=\"135\" srcset=\"https:\/\/mspontocom.com.br\/site\/wp-content\/uploads\/2022\/06\/site-descumprir-decisao-do-supremo-nao-e-afronta-afirma-bolsonaro-stf2-e1654772974238-260x135.jpg 260w, https:\/\/mspontocom.com.br\/site\/wp-content\/uploads\/2022\/06\/site-descumprir-decisao-do-supremo-nao-e-afronta-afirma-bolsonaro-stf2-e1654772974238.jpg 689w\" sizes=\"(max-width: 260px) 100vw, 260px\" \/><\/p>\n<p style=\"text-align: justify;\">O presidente <strong>Jair Bolsonaro<\/strong> voltou a afirmar nesta quinta, 9, que pode descumprir decis\u00f5es do<strong> STF<\/strong>\u00a0e que n\u00e3o considera que isso seria uma afronta \u00e0 Suprema Corte do Brasil.<\/p>\n<p style=\"text-align: justify;\">Em evento com empres\u00e1rios do Rio de Janeiro, o presidente fez um discurso no qual comentou mais uma vez a cassa\u00e7\u00e3o do deputado <strong>Fernando Francischini<\/strong> (Uni\u00e3o Brasil-PR), determinada pela 2\u00aa Turma do STF .<\/p>\n<p style=\"text-align: justify;\">Bolsonaro ainda voltou a criticar<b>\u00a0Edson Fachin<\/b>, ministro do STF que preside o tribunal Superior Eleitoral <b>(TSE)<\/b><\/p>\n<p style=\"text-align: justify;\">\u201cDecis\u00e3o do Supremo se cumpre, n\u00e3o se questiona? Eu sou o capit\u00e3o. O que eu fa\u00e7o? N\u00e3o vou cumprir. Isso \u00e9 afrontar o Supremo? N\u00e3o \u00e9. Nunca vi um ministro do Supremo comprar p\u00e3o na padaria, ningu\u00e9m nunca viu. Falta conhecimento da realidade do povo, falta intera\u00e7\u00e3o. Vivem perseguindo, prendendo deputado federal. Cassando mandato de deputado. <strong>O atual presidente do TSE foi o que tirou o Lula na cadeia&#8221;.,<\/strong> afirmou Bolsonaro.<\/p>\n","protected":false},"excerpt":{"rendered":"<p>O presidente Jair Bolsonaro voltou a afirmar nesta quinta, 9, que pode descumprir decis\u00f5es do STF\u00a0e que n\u00e3o considera que isso seria uma afronta \u00e0 Suprema Corte do Brasil. Em evento com empres\u00e1rios do Rio de Janeiro, o presidente fez um discurso no qual comentou mais uma vez a cassa\u00e7\u00e3o do deputado Fernando Francischini (Uni\u00e3o [&hellip;]<\/p>\n","protected":false},"author":2,"featured_media":171517,"comment_status":"open","ping_status":"open","sticky":false,"template":"","format":"standard","meta":{"_monsterinsights_skip_tracking":false,"_monsterinsights_sitenote_active":false,"_monsterinsights_sitenote_note":"","_monsterinsights_sitenote_category":0},"categories":[6,30260,30259],"tags":[36866,21017,38019,3014],"aioseo_notices":[],"_links":{"self":[{"href":"https:\/\/mspontocom.com.br\/site\/wp-json\/wp\/v2\/posts\/171506"}],"collection":[{"href":"https:\/\/mspontocom.com.br\/site\/wp-json\/wp\/v2\/posts"}],"about":[{"href":"https:\/\/mspontocom.com.br\/site\/wp-json\/wp\/v2\/types\/post"}],"author":[{"embeddable":true,"href":"https:\/\/mspontocom.com.br\/site\/wp-json\/wp\/v2\/users\/2"}],"replies":[{"embeddable":true,"href":"https:\/\/mspontocom.com.br\/site\/wp-json\/wp\/v2\/comments?post=171506"}],"version-history":[{"count":2,"href":"https:\/\/mspontocom.com.br\/site\/wp-json\/wp\/v2\/posts\/171506\/revisions"}],"predecessor-version":[{"id":171518,"href":"https:\/\/mspontocom.com.br\/site\/wp-json\/wp\/v2\/posts\/171506\/revisions\/171518"}],"wp:featuredmedia":[{"embeddable":true,"href":"https:\/\/mspontocom.com.br\/site\/wp-json\/wp\/v2\/media\/171517"}],"wp:attachment":[{"href":"https:\/\/mspontocom.com.br\/site\/wp-json\/wp\/v2\/media?parent=171506"}],"wp:term":[{"taxonomy":"category","embeddable":true,"href":"https:\/\/mspontocom.com.br\/site\/wp-json\/wp\/v2\/categories?post=171506"},{"taxonomy":"post_tag","embeddable":true,"href":"https:\/\/mspontocom.com.br\/site\/wp-json\/wp\/v2\/tags?post=171506"}],"curies":[{"name":"wp","href":"https:\/\/api.w.org\/{rel}","templated":true}]}}