{"id":171510,"date":"2022-06-09T18:10:40","date_gmt":"2022-06-09T22:10:40","guid":{"rendered":"https:\/\/mspontocom.com.br\/site\/?p=171510"},"modified":"2022-06-09T16:02:00","modified_gmt":"2022-06-09T20:02:00","slug":"ninguem-sabe-dizer-o-que-e-uma-fake-news-artigo-de-j-r-guzzo","status":"publish","type":"post","link":"https:\/\/mspontocom.com.br\/site\/ninguem-sabe-dizer-o-que-e-uma-fake-news-artigo-de-j-r-guzzo\/","title":{"rendered":"Ningu\u00e9m sabe dizer o que \u00e9 uma fake news. Artigo de J.R. Guzzo"},"content":{"rendered":"<p style=\"text-align: justify;\"><strong><img loading=\"lazy\" class=\"alignnone size-medium wp-image-171521\" src=\"https:\/\/mspontocom.com.br\/site\/wp-content\/uploads\/2022\/06\/site-ninguem-sabe-dizer-o-que-e-uma-fake-news-artigo-de-j-r-guzzo-toga-e1654774284533-260x164.jpeg\" alt=\"\" width=\"260\" height=\"164\" srcset=\"https:\/\/mspontocom.com.br\/site\/wp-content\/uploads\/2022\/06\/site-ninguem-sabe-dizer-o-que-e-uma-fake-news-artigo-de-j-r-guzzo-toga-e1654774284533-260x164.jpeg 260w, https:\/\/mspontocom.com.br\/site\/wp-content\/uploads\/2022\/06\/site-ninguem-sabe-dizer-o-que-e-uma-fake-news-artigo-de-j-r-guzzo-toga-e1654774284533-1024x644.jpeg 1024w, https:\/\/mspontocom.com.br\/site\/wp-content\/uploads\/2022\/06\/site-ninguem-sabe-dizer-o-que-e-uma-fake-news-artigo-de-j-r-guzzo-toga-e1654774284533-768x483.jpeg 768w, https:\/\/mspontocom.com.br\/site\/wp-content\/uploads\/2022\/06\/site-ninguem-sabe-dizer-o-que-e-uma-fake-news-artigo-de-j-r-guzzo-toga-e1654774284533.jpeg 1033w\" sizes=\"(max-width: 260px) 100vw, 260px\" \/><\/strong><\/p>\n<p style=\"text-align: justify;\"><strong>Pergunta no TSE<\/strong><\/p>\n<p style=\"text-align: justify;\">Fake news rende cassa\u00e7\u00e3o de mandato dependendo do mentiroso?<\/p>\n<p style=\"text-align: justify;\">Claudio Humberto, Di\u00e1rio do Poder<\/p>\n<p style=\"text-align: justify;\"><strong>(<em>J.R. Guzzo<\/em>, publicado no jornal\u00a0<em>O Estado de S. Paulo<\/em>\u00a0em 8 de junho de 2022)<\/strong><\/p>\n<p style=\"text-align: justify;\">De todas as aberra\u00e7\u00f5es legais que o Supremo Tribunal Federal criou com as suas decis\u00f5es, fazendo do Brasil um pa\u00eds onde a confian\u00e7a que se pode ter na lei \u00e9 a mesma que se d\u00e1 a um vendedor de rel\u00f3gio su\u00ed\u00e7o no Viaduto do Ch\u00e1.<\/p>\n<p style=\"text-align: justify;\">Os ministros preferem chamar de \u201c<em>fake news<\/em>\u201d, num admir\u00e1vel esfor\u00e7o para introduzir o idioma ingl\u00eas na linguagem oficial da justi\u00e7a brasileira.<\/p>\n<p style=\"text-align: justify;\">As \u201c<em>fake news<\/em>\u201d s\u00e3o um ectoplasma apavorante.<\/p>\n<p style=\"text-align: justify;\">Ningu\u00e9m saberia dizer o que \u00e9 uma fake news \u2014 ou seja, estamos a\u00ed diante de um crime que o STF pro\u00edbe de se cometer, mas que ningu\u00e9m sabe qual \u00e9, pois ele n\u00e3o est\u00e1 descrito no C\u00f3digo Penal Brasileiro ou em qualquer outro lugar da legisla\u00e7\u00e3o brasileira ou mundial.<\/p>\n<p style=\"text-align: justify;\">\u00c9 um problem\u00e3o. Se voc\u00ea \u00e9 candidato nas pr\u00f3ximas elei\u00e7\u00f5es, por exemplo, pode ter o seu registro cassado se o TSE<strong>\u00a0<\/strong>achar que cometeu alguma \u201c<em>fake news<\/em>.\u201d<\/p>\n<p style=\"text-align: justify;\">Se \u00e9 um cidad\u00e3o normal, pode se ver metido no Inqu\u00e9rito Perp\u00e9tuo Para Investigar Atos Antidemocr\u00e1ticos que o ministro Alexandre de Moraes toca h\u00e1 tr\u00eas anos e a\u00ed a coisa fica preta \u2014 voc\u00ea pode ser preso, exilado, multado, desmonetizado, tornozelado, ter as suas contas banc\u00e1rias bloqueadas (e as contas da sua mulher tamb\u00e9m) e ficar sujeito a qualquer puni\u00e7\u00e3o que inventem.<\/p>\n<p style=\"text-align: justify;\">Jamais houve uma situa\u00e7\u00e3o assim na hist\u00f3ria deste pa\u00eds: o cidad\u00e3o n\u00e3o sabe, a nenhuma hora do dia ou da noite, se \u00e9 culpado ou inocente, pois n\u00e3o sabe se cometeu ou n\u00e3o o crime que os ministros do STF fazem pairar sobre todos n\u00f3s.<\/p>\n<p style=\"text-align: justify;\">Ningu\u00e9m parece livre disso, nem o personagem mais querido da justi\u00e7a brasileira de hoje em dia \u2014 o ex-presidente Lula, atual candidato \u00e0 presid\u00eancia da Rep\u00fablica.<\/p>\n<p style=\"text-align: justify;\">Ou melhor: com ele n\u00e3o acontece nada, nunca, mas a sua gritaria de campanha pode deixar o ministro Moraes com a vida complicada em mat\u00e9ria de \u201c<em>fake news<\/em>\u201d.<\/p>\n<p style=\"text-align: justify;\">Lula acaba de dizer, falando diretamente do presidente Bolsonaro, que \u201cgente dele\u201d esteve envolvida no assassinato da vereadora Marielle Franco, em mar\u00e7o de 2018.<\/p>\n<p style=\"text-align: justify;\">N\u00e3o h\u00e1, como a justi\u00e7a sabe h\u00e1 mais de quatro anos, nenhuma prova a respeito \u2014 se houvesse, o presidente j\u00e1 estaria h\u00e1 muito tempo fora do Pal\u00e1cio do Planalto.<\/p>\n<p style=\"text-align: justify;\">E agora? Dizer o que Lula disse \u00e9 \u201c<em>fake news<\/em>\u201d? Ou \u00e9 uma quest\u00e3o de opini\u00e3o?<\/p>\n","protected":false},"excerpt":{"rendered":"<p>Pergunta no TSE Fake news rende cassa\u00e7\u00e3o de mandato dependendo do mentiroso? Claudio Humberto, Di\u00e1rio do Poder (J.R. Guzzo, publicado no jornal\u00a0O Estado de S. Paulo\u00a0em 8 de junho de 2022) De todas as aberra\u00e7\u00f5es legais que o Supremo Tribunal Federal criou com as suas decis\u00f5es, fazendo do Brasil um pa\u00eds onde a confian\u00e7a que [&hellip;]<\/p>\n","protected":false},"author":2,"featured_media":171521,"comment_status":"open","ping_status":"open","sticky":false,"template":"","format":"standard","meta":{"_monsterinsights_skip_tracking":false,"_monsterinsights_sitenote_active":false,"_monsterinsights_sitenote_note":"","_monsterinsights_sitenote_category":0},"categories":[6],"tags":[26336,30654,37846,3014,4378],"aioseo_notices":[],"_links":{"self":[{"href":"https:\/\/mspontocom.com.br\/site\/wp-json\/wp\/v2\/posts\/171510"}],"collection":[{"href":"https:\/\/mspontocom.com.br\/site\/wp-json\/wp\/v2\/posts"}],"about":[{"href":"https:\/\/mspontocom.com.br\/site\/wp-json\/wp\/v2\/types\/post"}],"author":[{"embeddable":true,"href":"https:\/\/mspontocom.com.br\/site\/wp-json\/wp\/v2\/users\/2"}],"replies":[{"embeddable":true,"href":"https:\/\/mspontocom.com.br\/site\/wp-json\/wp\/v2\/comments?post=171510"}],"version-history":[{"count":3,"href":"https:\/\/mspontocom.com.br\/site\/wp-json\/wp\/v2\/posts\/171510\/revisions"}],"predecessor-version":[{"id":171540,"href":"https:\/\/mspontocom.com.br\/site\/wp-json\/wp\/v2\/posts\/171510\/revisions\/171540"}],"wp:featuredmedia":[{"embeddable":true,"href":"https:\/\/mspontocom.com.br\/site\/wp-json\/wp\/v2\/media\/171521"}],"wp:attachment":[{"href":"https:\/\/mspontocom.com.br\/site\/wp-json\/wp\/v2\/media?parent=171510"}],"wp:term":[{"taxonomy":"category","embeddable":true,"href":"https:\/\/mspontocom.com.br\/site\/wp-json\/wp\/v2\/categories?post=171510"},{"taxonomy":"post_tag","embeddable":true,"href":"https:\/\/mspontocom.com.br\/site\/wp-json\/wp\/v2\/tags?post=171510"}],"curies":[{"name":"wp","href":"https:\/\/api.w.org\/{rel}","templated":true}]}}