{"id":171546,"date":"2022-06-10T14:17:28","date_gmt":"2022-06-10T18:17:28","guid":{"rendered":"https:\/\/mspontocom.com.br\/site\/?p=171546"},"modified":"2022-06-10T14:00:55","modified_gmt":"2022-06-10T18:00:55","slug":"bolsonaro-diz-a-biden-que-brasil-esta-pronto-para-construir-saida-para-guerra-na-ucrania","status":"publish","type":"post","link":"https:\/\/mspontocom.com.br\/site\/bolsonaro-diz-a-biden-que-brasil-esta-pronto-para-construir-saida-para-guerra-na-ucrania\/","title":{"rendered":"Bolsonaro diz a Biden que Brasil est\u00e1 pronto para construir sa\u00edda para guerra na Ucr\u00e2nia"},"content":{"rendered":"<p><img loading=\"lazy\" class=\"alignnone size-medium wp-image-171559\" src=\"https:\/\/mspontocom.com.br\/site\/wp-content\/uploads\/2022\/06\/site-bolsonaro-diz-a-biden-que-brasil-esta-a-disposicao-para-construir-saida-para-guerra-na-ucrania-bidenbolso-e1654856720119-260x135.jpg\" alt=\"\" width=\"260\" height=\"135\" srcset=\"https:\/\/mspontocom.com.br\/site\/wp-content\/uploads\/2022\/06\/site-bolsonaro-diz-a-biden-que-brasil-esta-a-disposicao-para-construir-saida-para-guerra-na-ucrania-bidenbolso-e1654856720119-260x135.jpg 260w, https:\/\/mspontocom.com.br\/site\/wp-content\/uploads\/2022\/06\/site-bolsonaro-diz-a-biden-que-brasil-esta-a-disposicao-para-construir-saida-para-guerra-na-ucrania-bidenbolso-e1654856720119.jpg 665w\" sizes=\"(max-width: 260px) 100vw, 260px\" \/><\/p>\n<p>O presidente <strong>Jair Bolsonaro<\/strong> se reuniu na noite desta quinta, 9, com o presidente dos Estados Unidos, <strong>Joe Biden,<\/strong> durante a <strong>C\u00fapula das Am\u00e9ricas. <\/strong><\/p>\n<p>Durante a parte do encontro bilateral que pode ser acompanhada por jornalistas, os dois comentaram sobre diversos assuntos, como as elei\u00e7\u00f5es no Brasil e a<strong> guerra na Ucr\u00e2nia. <\/strong><\/p>\n<p>Ao citar a invas\u00e3o da R\u00fassia \u00e0 Ucr\u00e2nia, Bolsonaro destacou os efeitos econ\u00f4micos que o Brasil sofre por causa do conflito e disse que, assim como o resto do mundo, o pa\u00eds deseja o fim da guerra, e<strong> est\u00e1 \u00e0 disposi\u00e7\u00e3o para ajudar na constru\u00e7\u00e3o de uma sa\u00edda negociada entre os dois pa\u00edses.<\/strong><\/p>\n","protected":false},"excerpt":{"rendered":"<p>O presidente Jair Bolsonaro se reuniu na noite desta quinta, 9, com o presidente dos Estados Unidos, Joe Biden, durante a C\u00fapula das Am\u00e9ricas. Durante a parte do encontro bilateral que pode ser acompanhada por jornalistas, os dois comentaram sobre diversos assuntos, como as elei\u00e7\u00f5es no Brasil e a guerra na Ucr\u00e2nia. Ao citar a [&hellip;]<\/p>\n","protected":false},"author":2,"featured_media":171559,"comment_status":"open","ping_status":"open","sticky":false,"template":"","format":"standard","meta":{"_monsterinsights_skip_tracking":false,"_monsterinsights_sitenote_active":false,"_monsterinsights_sitenote_note":"","_monsterinsights_sitenote_category":0},"categories":[30260,7,30259],"tags":[35986,21017,30254,38024,38023,38022],"aioseo_notices":[],"_links":{"self":[{"href":"https:\/\/mspontocom.com.br\/site\/wp-json\/wp\/v2\/posts\/171546"}],"collection":[{"href":"https:\/\/mspontocom.com.br\/site\/wp-json\/wp\/v2\/posts"}],"about":[{"href":"https:\/\/mspontocom.com.br\/site\/wp-json\/wp\/v2\/types\/post"}],"author":[{"embeddable":true,"href":"https:\/\/mspontocom.com.br\/site\/wp-json\/wp\/v2\/users\/2"}],"replies":[{"embeddable":true,"href":"https:\/\/mspontocom.com.br\/site\/wp-json\/wp\/v2\/comments?post=171546"}],"version-history":[{"count":2,"href":"https:\/\/mspontocom.com.br\/site\/wp-json\/wp\/v2\/posts\/171546\/revisions"}],"predecessor-version":[{"id":171560,"href":"https:\/\/mspontocom.com.br\/site\/wp-json\/wp\/v2\/posts\/171546\/revisions\/171560"}],"wp:featuredmedia":[{"embeddable":true,"href":"https:\/\/mspontocom.com.br\/site\/wp-json\/wp\/v2\/media\/171559"}],"wp:attachment":[{"href":"https:\/\/mspontocom.com.br\/site\/wp-json\/wp\/v2\/media?parent=171546"}],"wp:term":[{"taxonomy":"category","embeddable":true,"href":"https:\/\/mspontocom.com.br\/site\/wp-json\/wp\/v2\/categories?post=171546"},{"taxonomy":"post_tag","embeddable":true,"href":"https:\/\/mspontocom.com.br\/site\/wp-json\/wp\/v2\/tags?post=171546"}],"curies":[{"name":"wp","href":"https:\/\/api.w.org\/{rel}","templated":true}]}}