{"id":171548,"date":"2022-06-10T06:39:59","date_gmt":"2022-06-10T10:39:59","guid":{"rendered":"https:\/\/mspontocom.com.br\/site\/?p=171548"},"modified":"2022-06-10T06:39:59","modified_gmt":"2022-06-10T10:39:59","slug":"lula-quer-regular-imprensa-digital-televisao-e-instagram","status":"publish","type":"post","link":"https:\/\/mspontocom.com.br\/site\/lula-quer-regular-imprensa-digital-televisao-e-instagram\/","title":{"rendered":"Lula quer regular imprensa digital, televis\u00e3o e Instagram"},"content":{"rendered":"<p style=\"text-align: justify;\"><img loading=\"lazy\" class=\"alignnone size-medium wp-image-171561\" src=\"https:\/\/mspontocom.com.br\/site\/wp-content\/uploads\/2022\/06\/site-lula-quer-regular-imprensa-digital-televisao-e-instagram-lula-raiva-e1654857492298-260x192.jpg\" alt=\"\" width=\"260\" height=\"192\" srcset=\"https:\/\/mspontocom.com.br\/site\/wp-content\/uploads\/2022\/06\/site-lula-quer-regular-imprensa-digital-televisao-e-instagram-lula-raiva-e1654857492298-260x192.jpg 260w, https:\/\/mspontocom.com.br\/site\/wp-content\/uploads\/2022\/06\/site-lula-quer-regular-imprensa-digital-televisao-e-instagram-lula-raiva-e1654857492298-768x568.jpg 768w, https:\/\/mspontocom.com.br\/site\/wp-content\/uploads\/2022\/06\/site-lula-quer-regular-imprensa-digital-televisao-e-instagram-lula-raiva-e1654857492298.jpg 863w\" sizes=\"(max-width: 260px) 100vw, 260px\" \/><\/p>\n<p style=\"text-align: justify;\">Durante entrevista concedida \u00e0 R\u00e1dio Itatiaia, de Minas Gerais, o ex-presidente Luiz In\u00e1cio Lula da Silva (PT) voltou a defender o <strong>controle da imprensa digital,<\/strong> da <strong>televis\u00e3o<\/strong> e do <b>Instagram.<\/b><\/p>\n<p style=\"text-align: justify;\">\u201cAcho que \u00e9 preciso fazer a regula\u00e7\u00e3o da m\u00eddia eletr\u00f4nica neste pa\u00eds\u201d, afirmou o petista. \u201cA \u00faltima foi feita em 1962. A gente n\u00e3o tinha 10% dos avan\u00e7os que temos hoje, com a internet.\u201d<\/p>\n<p style=\"text-align: justify;\">E continuou. <strong>\u201cAt\u00e9 mesmo da televis\u00e3o\u201d<\/strong>, disse<strong> Lula<\/strong>, ao sugerir que regularia as emissoras.<\/p>\n<p style=\"text-align: justify;\">E foi al\u00e9m. \u201cN\u00e3o pode haver um meio de comunica\u00e7\u00e3o que fale apenas de um lado\u201d, salientou Lula.<\/p>\n<p style=\"text-align: justify;\">O petista tamb\u00e9m mirou o<strong> Instagram<\/strong>.<\/p>\n<p style=\"text-align: justify;\">\u201cN\u00e3o quero ser manipulado nem me transformar em algoritmo\u201d, afirmou.<\/p>\n<p style=\"text-align: justify;\">\u201cO dono do Instagram n\u00e3o pode fazer o que quiser, n\u00e3o pode ser um retransmissor de mentiras porque quer ganhar dinheiro. \u00c9 isso que precisamos regular.\u201d<\/p>\n","protected":false},"excerpt":{"rendered":"<p>Durante entrevista concedida \u00e0 R\u00e1dio Itatiaia, de Minas Gerais, o ex-presidente Luiz In\u00e1cio Lula da Silva (PT) voltou a defender o controle da imprensa digital, da televis\u00e3o e do Instagram. \u201cAcho que \u00e9 preciso fazer a regula\u00e7\u00e3o da m\u00eddia eletr\u00f4nica neste pa\u00eds\u201d, afirmou o petista. \u201cA \u00faltima foi feita em 1962. A gente n\u00e3o tinha [&hellip;]<\/p>\n","protected":false},"author":2,"featured_media":171561,"comment_status":"open","ping_status":"open","sticky":false,"template":"","format":"standard","meta":{"_monsterinsights_skip_tracking":false,"_monsterinsights_sitenote_active":false,"_monsterinsights_sitenote_note":"","_monsterinsights_sitenote_category":0},"categories":[6,30260,30259],"tags":[7907,4520,38025,1210,5963,1037],"aioseo_notices":[],"_links":{"self":[{"href":"https:\/\/mspontocom.com.br\/site\/wp-json\/wp\/v2\/posts\/171548"}],"collection":[{"href":"https:\/\/mspontocom.com.br\/site\/wp-json\/wp\/v2\/posts"}],"about":[{"href":"https:\/\/mspontocom.com.br\/site\/wp-json\/wp\/v2\/types\/post"}],"author":[{"embeddable":true,"href":"https:\/\/mspontocom.com.br\/site\/wp-json\/wp\/v2\/users\/2"}],"replies":[{"embeddable":true,"href":"https:\/\/mspontocom.com.br\/site\/wp-json\/wp\/v2\/comments?post=171548"}],"version-history":[{"count":2,"href":"https:\/\/mspontocom.com.br\/site\/wp-json\/wp\/v2\/posts\/171548\/revisions"}],"predecessor-version":[{"id":171562,"href":"https:\/\/mspontocom.com.br\/site\/wp-json\/wp\/v2\/posts\/171548\/revisions\/171562"}],"wp:featuredmedia":[{"embeddable":true,"href":"https:\/\/mspontocom.com.br\/site\/wp-json\/wp\/v2\/media\/171561"}],"wp:attachment":[{"href":"https:\/\/mspontocom.com.br\/site\/wp-json\/wp\/v2\/media?parent=171548"}],"wp:term":[{"taxonomy":"category","embeddable":true,"href":"https:\/\/mspontocom.com.br\/site\/wp-json\/wp\/v2\/categories?post=171548"},{"taxonomy":"post_tag","embeddable":true,"href":"https:\/\/mspontocom.com.br\/site\/wp-json\/wp\/v2\/tags?post=171548"}],"curies":[{"name":"wp","href":"https:\/\/api.w.org\/{rel}","templated":true}]}}