{"id":171585,"date":"2022-06-11T11:14:25","date_gmt":"2022-06-11T15:14:25","guid":{"rendered":"https:\/\/mspontocom.com.br\/site\/?p=171585"},"modified":"2022-06-11T10:33:07","modified_gmt":"2022-06-11T14:33:07","slug":"oea-apura-abusos-do-stf-no-inquerito-das-fake-news","status":"publish","type":"post","link":"https:\/\/mspontocom.com.br\/site\/oea-apura-abusos-do-stf-no-inquerito-das-fake-news\/","title":{"rendered":"OEA apura abusos do STF no inqu\u00e9rito das \u2018fake news\u2019"},"content":{"rendered":"<p style=\"text-align: justify;\"><img loading=\"lazy\" class=\"alignnone size-medium wp-image-171595\" src=\"https:\/\/mspontocom.com.br\/site\/wp-content\/uploads\/2022\/06\/site-oea-apura-abusos-do-stf-no-inquerito-das-fake-news-toga-e1654942958765-260x183.jpeg\" alt=\"\" width=\"260\" height=\"183\" srcset=\"https:\/\/mspontocom.com.br\/site\/wp-content\/uploads\/2022\/06\/site-oea-apura-abusos-do-stf-no-inquerito-das-fake-news-toga-e1654942958765-260x183.jpeg 260w, https:\/\/mspontocom.com.br\/site\/wp-content\/uploads\/2022\/06\/site-oea-apura-abusos-do-stf-no-inquerito-das-fake-news-toga-e1654942958765-1024x720.jpeg 1024w, https:\/\/mspontocom.com.br\/site\/wp-content\/uploads\/2022\/06\/site-oea-apura-abusos-do-stf-no-inquerito-das-fake-news-toga-e1654942958765-768x540.jpeg 768w, https:\/\/mspontocom.com.br\/site\/wp-content\/uploads\/2022\/06\/site-oea-apura-abusos-do-stf-no-inquerito-das-fake-news-toga-e1654942958765.jpeg 1066w\" sizes=\"(max-width: 260px) 100vw, 260px\" \/><\/p>\n<p style=\"text-align: justify;\">A Comiss\u00e3o Interamericana de Direitos Humanos da Organiza\u00e7\u00e3o dos Estados Americanos <strong>(OEA)<\/strong> pediu explica\u00e7\u00f5es do sobre o<strong> \u201cinqu\u00e9rito das fake news\u201d,<\/strong> presidido pelo ministro do Supremo Tribunal Federal (STF) <strong>Alexandre Moraes.<\/strong><\/p>\n<p style=\"text-align: justify;\">A comiss\u00e3o da <strong>OEA<\/strong> j\u00e1 analisa outras den\u00fancias \u00a0sobre o inqu\u00e9rito criado pelo<strong> STF.<\/strong><\/p>\n<p style=\"text-align: justify;\">O documento \u00e9 assinado pelo advogado e doutor em ci\u00eancia jur\u00eddicas Mario L\u00f3pez Garelli, paraguaio que \u00e9 funcion\u00e1rio da OEA desde 1995.<\/p>\n<div id=\"ddp-ads-AD-51\" style=\"text-align: justify;\" data-google-query-id=\"CPufnpaJpfgCFaQzuQYdygcABw\">\n<div id=\"google_ads_iframe_\/21727414016\/AD-51_0__container__\">O ministro aposentado do STF Marco Aur\u00e9lio, um cr\u00edtico do comportamento dos colegas. batizou a iniciativa agora sob investiga\u00e7\u00e3o da OEA de<strong> \u201cinqu\u00e9rito do fim do mundo\u201d.<\/strong><\/div>\n<\/div>\n<p style=\"text-align: justify;\">O inqu\u00e9rito foi aberto, em mar\u00e7o de 2019, pelo ent\u00e3o presidente do STF, <strong>Antonio Dias Toffoli<\/strong>, para investigar supostas ofensas aos ministros, com base num artigo do regimento interno do Supremo.<\/p>\n<p style=\"text-align: justify;\">fonte: Tiago Vasconcelos, Di\u00e1rio do Poder<\/p>\n","protected":false},"excerpt":{"rendered":"<p>A Comiss\u00e3o Interamericana de Direitos Humanos da Organiza\u00e7\u00e3o dos Estados Americanos (OEA) pediu explica\u00e7\u00f5es do sobre o \u201cinqu\u00e9rito das fake news\u201d, presidido pelo ministro do Supremo Tribunal Federal (STF) Alexandre Moraes. A comiss\u00e3o da OEA j\u00e1 analisa outras den\u00fancias \u00a0sobre o inqu\u00e9rito criado pelo STF. O documento \u00e9 assinado pelo advogado e doutor em ci\u00eancia [&hellip;]<\/p>\n","protected":false},"author":2,"featured_media":171595,"comment_status":"open","ping_status":"open","sticky":false,"template":"","format":"standard","meta":{"_monsterinsights_skip_tracking":false,"_monsterinsights_sitenote_active":false,"_monsterinsights_sitenote_note":"","_monsterinsights_sitenote_category":0},"categories":[30260,2528,30259],"tags":[26336,38034,30654,4598,5417,3014],"aioseo_notices":[],"_links":{"self":[{"href":"https:\/\/mspontocom.com.br\/site\/wp-json\/wp\/v2\/posts\/171585"}],"collection":[{"href":"https:\/\/mspontocom.com.br\/site\/wp-json\/wp\/v2\/posts"}],"about":[{"href":"https:\/\/mspontocom.com.br\/site\/wp-json\/wp\/v2\/types\/post"}],"author":[{"embeddable":true,"href":"https:\/\/mspontocom.com.br\/site\/wp-json\/wp\/v2\/users\/2"}],"replies":[{"embeddable":true,"href":"https:\/\/mspontocom.com.br\/site\/wp-json\/wp\/v2\/comments?post=171585"}],"version-history":[{"count":3,"href":"https:\/\/mspontocom.com.br\/site\/wp-json\/wp\/v2\/posts\/171585\/revisions"}],"predecessor-version":[{"id":171613,"href":"https:\/\/mspontocom.com.br\/site\/wp-json\/wp\/v2\/posts\/171585\/revisions\/171613"}],"wp:featuredmedia":[{"embeddable":true,"href":"https:\/\/mspontocom.com.br\/site\/wp-json\/wp\/v2\/media\/171595"}],"wp:attachment":[{"href":"https:\/\/mspontocom.com.br\/site\/wp-json\/wp\/v2\/media?parent=171585"}],"wp:term":[{"taxonomy":"category","embeddable":true,"href":"https:\/\/mspontocom.com.br\/site\/wp-json\/wp\/v2\/categories?post=171585"},{"taxonomy":"post_tag","embeddable":true,"href":"https:\/\/mspontocom.com.br\/site\/wp-json\/wp\/v2\/tags?post=171585"}],"curies":[{"name":"wp","href":"https:\/\/api.w.org\/{rel}","templated":true}]}}