{"id":171616,"date":"2022-06-12T07:25:26","date_gmt":"2022-06-12T11:25:26","guid":{"rendered":"https:\/\/mspontocom.com.br\/site\/?p=171616"},"modified":"2022-06-12T07:25:26","modified_gmt":"2022-06-12T11:25:26","slug":"juristas-endossam-fux-e-dizem-que-corrupcao-foi-comprovada-pela-lava-jato","status":"publish","type":"post","link":"https:\/\/mspontocom.com.br\/site\/juristas-endossam-fux-e-dizem-que-corrupcao-foi-comprovada-pela-lava-jato\/","title":{"rendered":"Juristas endossam Fux e dizem que corrup\u00e7\u00e3o foi comprovada pela Lava Jato"},"content":{"rendered":"<p style=\"text-align: justify;\"><img loading=\"lazy\" class=\"alignnone size-medium wp-image-171627\" src=\"https:\/\/mspontocom.com.br\/site\/wp-content\/uploads\/2022\/06\/site-juristas-endossam-fala-de-fux-e-dizem-que-corrupcao-foi-comprovada-pela-lava-jato-lula-lava-e1655033028520-260x153.jpg\" alt=\"\" width=\"260\" height=\"153\" srcset=\"https:\/\/mspontocom.com.br\/site\/wp-content\/uploads\/2022\/06\/site-juristas-endossam-fala-de-fux-e-dizem-que-corrupcao-foi-comprovada-pela-lava-jato-lula-lava-e1655033028520-260x153.jpg 260w, https:\/\/mspontocom.com.br\/site\/wp-content\/uploads\/2022\/06\/site-juristas-endossam-fala-de-fux-e-dizem-que-corrupcao-foi-comprovada-pela-lava-jato-lula-lava-e1655033028520.jpg 687w\" sizes=\"(max-width: 260px) 100vw, 260px\" \/><\/p>\n<p style=\"text-align: justify;\">Ao afirmar que a anula\u00e7\u00e3o dos processos derivados da <strong>Opera\u00e7\u00e3o Lava Jato<\/strong><b> <\/b>foi um ato \u201cformal\u201d, o presidente do STF), ministro<strong> Luiz Fux,<\/strong> reacendeu o entendimento de que os erros processuais n\u00e3o apagam os fatos que foram demonstrados naquelas investiga\u00e7\u00f5es.<\/p>\n<p class=\"styles__Container-rhi54a-0 cOgpju\" style=\"text-align: justify;\">O ministro afirmou que \u201cningu\u00e9m pode esquecer\u201d que houve corrup\u00e7\u00e3o no Brasil.<\/p>\n<p class=\"styles__Container-rhi54a-0 cOgpju\" style=\"text-align: justify;\">Tamb\u00e9m fez refer\u00eancia aos recursos desviados da <strong>Petrobras<\/strong> e ao esc\u00e2ndalo do mensal\u00e3o.<\/p>\n<p class=\"styles__Container-rhi54a-0 cOgpju\" style=\"text-align: justify;\">Para o ex-ministro da Justi\u00e7a, <strong>Miguel Reale Jr,<\/strong> \u201csem d\u00favida, houve corrup\u00e7\u00e3o\u201d.<\/p>\n<p class=\"styles__Container-rhi54a-0 cOgpju\" style=\"text-align: justify;\">Segundo ele, essa constata\u00e7\u00e3o se d\u00e1 pelas \u201cdela\u00e7\u00f5es acompanhadas de farta documenta\u00e7\u00e3o cont\u00e1bil, com transfer\u00eancia de fortunas para offshores, sobrepre\u00e7o na compra de sondas ou servi\u00e7os por exemplo, os acordos cartelizados, a devolu\u00e7\u00e3o de milh\u00f5es seja em acordos de leni\u00eancia no Brasil e em especial nos Estados Unidos\u201d.<\/p>\n<p class=\"styles__Container-rhi54a-0 cOgpju\" style=\"text-align: justify;\">O ex-ministro do Supremo <strong>Carlos Velloso<\/strong> afirmou que Fux \u201csimplesmente reconheceu uma evid\u00eancia\u201d.<\/p>\n<p class=\"styles__Container-rhi54a-0 cOgpju\" style=\"text-align: justify;\">\u201cVejo com bons olhos o pensar do presidente ministro Fux. Tanto avan\u00e7o: mensal\u00e3o e Lava Jato. O retrocesso entristece, considerada a corrup\u00e7\u00e3o. Paci\u00eancia!&#8221;<\/p>\n<p class=\"styles__Container-rhi54a-0 cOgpju\" style=\"text-align: justify;\">Entre as decis\u00f5es anuladas da Lava Jato est\u00e3o as condena\u00e7\u00f5es impostas ao ex-presidente <b>Lula<\/b>\u00a0pr\u00e9-candidato do PT na elei\u00e7\u00e3o presidencial.<\/p>\n<p class=\"styles__Container-rhi54a-0 cOgpju\" style=\"text-align: justify;\">O ex-procurador <strong>Deltan Dallagnol<\/strong> ex-coordenador da opera\u00e7\u00e3o, tamb\u00e9m se manifestou.<\/p>\n<p class=\"styles__Container-rhi54a-0 cOgpju\" style=\"text-align: justify;\">\u201cParab\u00e9ns ao ministro Fux por reconhecer o trabalho da Lava Jato e dizer que ningu\u00e9m pode esquecer dos bilh\u00f5es desviados: a corrup\u00e7\u00e3o no Brasil \u00e9 real.\u201d<\/p>\n<p class=\"styles__Container-rhi54a-0 cOgpju\" style=\"text-align: justify;\">Parlamentares, como a deputada estadual <strong>Janaina Paschoal<\/strong> (PRTB) \u00a0tamb\u00e9m usou Twitter para se manifestar a favor da opera\u00e7\u00e3o Lava Jato e contra as anula\u00e7\u00f5es.<\/p>\n<p class=\"styles__Container-rhi54a-0 cOgpju\" style=\"text-align: justify;\">\u201cCom todo respeito, meras formalidades justificam jogar tudo para baixo do tapete?\u201d, questionou a deputada, que pretende ser candidata ao Senado nestas elei\u00e7\u00f5es.<\/p>\n<p class=\"styles__Container-rhi54a-0 cOgpju\" style=\"text-align: justify;\">\n<p style=\"text-align: justify;\">\n<p style=\"text-align: justify;\"><strong>fonte: RUBENS ANATER, Jornal O Estado<\/strong><\/p>\n","protected":false},"excerpt":{"rendered":"<p>Ao afirmar que a anula\u00e7\u00e3o dos processos derivados da Opera\u00e7\u00e3o Lava Jato foi um ato \u201cformal\u201d, o presidente do STF), ministro Luiz Fux, reacendeu o entendimento de que os erros processuais n\u00e3o apagam os fatos que foram demonstrados naquelas investiga\u00e7\u00f5es. O ministro afirmou que \u201cningu\u00e9m pode esquecer\u201d que houve corrup\u00e7\u00e3o no Brasil. Tamb\u00e9m fez refer\u00eancia [&hellip;]<\/p>\n","protected":false},"author":2,"featured_media":171627,"comment_status":"open","ping_status":"open","sticky":false,"template":"","format":"standard","meta":{"_monsterinsights_skip_tracking":false,"_monsterinsights_sitenote_active":false,"_monsterinsights_sitenote_note":"","_monsterinsights_sitenote_category":0},"categories":[6,30260,2528,30259],"tags":[327,31467,24240,21419],"aioseo_notices":[],"_links":{"self":[{"href":"https:\/\/mspontocom.com.br\/site\/wp-json\/wp\/v2\/posts\/171616"}],"collection":[{"href":"https:\/\/mspontocom.com.br\/site\/wp-json\/wp\/v2\/posts"}],"about":[{"href":"https:\/\/mspontocom.com.br\/site\/wp-json\/wp\/v2\/types\/post"}],"author":[{"embeddable":true,"href":"https:\/\/mspontocom.com.br\/site\/wp-json\/wp\/v2\/users\/2"}],"replies":[{"embeddable":true,"href":"https:\/\/mspontocom.com.br\/site\/wp-json\/wp\/v2\/comments?post=171616"}],"version-history":[{"count":2,"href":"https:\/\/mspontocom.com.br\/site\/wp-json\/wp\/v2\/posts\/171616\/revisions"}],"predecessor-version":[{"id":171628,"href":"https:\/\/mspontocom.com.br\/site\/wp-json\/wp\/v2\/posts\/171616\/revisions\/171628"}],"wp:featuredmedia":[{"embeddable":true,"href":"https:\/\/mspontocom.com.br\/site\/wp-json\/wp\/v2\/media\/171627"}],"wp:attachment":[{"href":"https:\/\/mspontocom.com.br\/site\/wp-json\/wp\/v2\/media?parent=171616"}],"wp:term":[{"taxonomy":"category","embeddable":true,"href":"https:\/\/mspontocom.com.br\/site\/wp-json\/wp\/v2\/categories?post=171616"},{"taxonomy":"post_tag","embeddable":true,"href":"https:\/\/mspontocom.com.br\/site\/wp-json\/wp\/v2\/tags?post=171616"}],"curies":[{"name":"wp","href":"https:\/\/api.w.org\/{rel}","templated":true}]}}