{"id":171618,"date":"2022-06-12T07:45:56","date_gmt":"2022-06-12T11:45:56","guid":{"rendered":"https:\/\/mspontocom.com.br\/site\/?p=171618"},"modified":"2022-06-12T07:45:56","modified_gmt":"2022-06-12T11:45:56","slug":"bolsonaro-chama-barroso-de-sem-carater-e-ataca-moraes","status":"publish","type":"post","link":"https:\/\/mspontocom.com.br\/site\/bolsonaro-chama-barroso-de-sem-carater-e-ataca-moraes\/","title":{"rendered":"Bolsonaro chama Barroso de \u201csem car\u00e1ter\u201d e ataca Moraes"},"content":{"rendered":"<p style=\"text-align: justify;\"><img loading=\"lazy\" class=\"alignnone size-medium wp-image-171629\" src=\"https:\/\/mspontocom.com.br\/site\/wp-content\/uploads\/2022\/06\/site-bolsonaro-chama-barroso-de-sem-carater-e-ataca-moraes-barra-e1655034087875-260x139.jpeg\" alt=\"\" width=\"260\" height=\"139\" srcset=\"https:\/\/mspontocom.com.br\/site\/wp-content\/uploads\/2022\/06\/site-bolsonaro-chama-barroso-de-sem-carater-e-ataca-moraes-barra-e1655034087875-260x139.jpeg 260w, https:\/\/mspontocom.com.br\/site\/wp-content\/uploads\/2022\/06\/site-bolsonaro-chama-barroso-de-sem-carater-e-ataca-moraes-barra-e1655034087875-768x410.jpeg 768w, https:\/\/mspontocom.com.br\/site\/wp-content\/uploads\/2022\/06\/site-bolsonaro-chama-barroso-de-sem-carater-e-ataca-moraes-barra-e1655034087875.jpeg 790w\" sizes=\"(max-width: 260px) 100vw, 260px\" \/><\/p>\n<p style=\"text-align: justify;\">O presidente <strong>Jair Bolsonaro<\/strong> (PL) voltou a atacar os ministros do STF\u00a0 <strong>Alexandre de Moraes e Roberto Barroso<\/strong> neste s\u00e1bado.<\/p>\n<p style=\"text-align: justify;\">Nos Estados Unidos, Bolsonaro disse a jornalistas que Barroso \u00e9 um <strong>\u201cmentiroso\u201d e \u201csem car\u00e1ter\u201d<\/strong> por ter dito que ele havia divulgado informa\u00e7\u00f5es de um inqu\u00e9rito sigiloso sobre um ataque hacker ao TSE .<\/p>\n<p style=\"text-align: justify;\">Em rela\u00e7\u00e3o a Moraes, o presidente criticou a atua\u00e7\u00e3o do ministro no processo que levou \u00e0 condena\u00e7\u00e3o do deputado Daniel Silveira (PTB-RJ).<\/p>\n<p style=\"text-align: justify;\">Afirmou que mesmo depois de ter concedido um indulto ao congressista, o magistrado \u201ccontinua perseguindo\u201d Silveira.<\/p>\n<p style=\"text-align: justify;\">A condu\u00e7\u00e3o de Moraes no <strong>inqu\u00e9rito das fake news<\/strong> tamb\u00e9m foi alvo das declara\u00e7\u00f5es de Bolsonaro.<\/p>\n<p style=\"text-align: justify;\">O presidente levantou d\u00favidas sobre a raz\u00f5es da investiga\u00e7\u00e3o.<\/p>\n<p style=\"text-align: justify;\">\u201cIsso nunca ocorreu no Brasil. Uma pessoa apenas decide. Ele faz um inqu\u00e9rito, onde n\u00e3o tem a participa\u00e7\u00e3o do Minist\u00e9rio P\u00fablico, e investiga por fake news. Eu n\u00e3o quero baixar o n\u00edvel na entrevista, mas o que esse cara tem na cabe\u00e7a? O que \u00e9 que ele est\u00e1 ganhando com isso? Quais s\u00e3o seus interesses? Ele est\u00e1 ligado a quem? <strong>Ou \u00e9 um psicopata?<\/strong>\u201d, questionou o presidente.<\/p>\n<p style=\"text-align: justify;\">\nfonte: Poder 360<\/p>\n","protected":false},"excerpt":{"rendered":"<p>O presidente Jair Bolsonaro (PL) voltou a atacar os ministros do STF\u00a0 Alexandre de Moraes e Roberto Barroso neste s\u00e1bado. Nos Estados Unidos, Bolsonaro disse a jornalistas que Barroso \u00e9 um \u201cmentiroso\u201d e \u201csem car\u00e1ter\u201d por ter dito que ele havia divulgado informa\u00e7\u00f5es de um inqu\u00e9rito sigiloso sobre um ataque hacker ao TSE . Em [&hellip;]<\/p>\n","protected":false},"author":2,"featured_media":171629,"comment_status":"open","ping_status":"open","sticky":false,"template":"","format":"standard","meta":{"_monsterinsights_skip_tracking":false,"_monsterinsights_sitenote_active":false,"_monsterinsights_sitenote_note":"","_monsterinsights_sitenote_category":0},"categories":[6,30260,2528,30259],"tags":[33587,21017,587,35247,38040,3014],"aioseo_notices":[],"_links":{"self":[{"href":"https:\/\/mspontocom.com.br\/site\/wp-json\/wp\/v2\/posts\/171618"}],"collection":[{"href":"https:\/\/mspontocom.com.br\/site\/wp-json\/wp\/v2\/posts"}],"about":[{"href":"https:\/\/mspontocom.com.br\/site\/wp-json\/wp\/v2\/types\/post"}],"author":[{"embeddable":true,"href":"https:\/\/mspontocom.com.br\/site\/wp-json\/wp\/v2\/users\/2"}],"replies":[{"embeddable":true,"href":"https:\/\/mspontocom.com.br\/site\/wp-json\/wp\/v2\/comments?post=171618"}],"version-history":[{"count":2,"href":"https:\/\/mspontocom.com.br\/site\/wp-json\/wp\/v2\/posts\/171618\/revisions"}],"predecessor-version":[{"id":171630,"href":"https:\/\/mspontocom.com.br\/site\/wp-json\/wp\/v2\/posts\/171618\/revisions\/171630"}],"wp:featuredmedia":[{"embeddable":true,"href":"https:\/\/mspontocom.com.br\/site\/wp-json\/wp\/v2\/media\/171629"}],"wp:attachment":[{"href":"https:\/\/mspontocom.com.br\/site\/wp-json\/wp\/v2\/media?parent=171618"}],"wp:term":[{"taxonomy":"category","embeddable":true,"href":"https:\/\/mspontocom.com.br\/site\/wp-json\/wp\/v2\/categories?post=171618"},{"taxonomy":"post_tag","embeddable":true,"href":"https:\/\/mspontocom.com.br\/site\/wp-json\/wp\/v2\/tags?post=171618"}],"curies":[{"name":"wp","href":"https:\/\/api.w.org\/{rel}","templated":true}]}}