{"id":171641,"date":"2022-06-13T19:00:46","date_gmt":"2022-06-13T23:00:46","guid":{"rendered":"https:\/\/mspontocom.com.br\/site\/?p=171641"},"modified":"2022-06-13T18:59:12","modified_gmt":"2022-06-13T22:59:12","slug":"bolsonaro-indicados-ao-stf-nos-governos-petistas-agem-por-interesses-particulares","status":"publish","type":"post","link":"https:\/\/mspontocom.com.br\/site\/bolsonaro-indicados-ao-stf-nos-governos-petistas-agem-por-interesses-particulares\/","title":{"rendered":"Bolsonaro: &#8220;Indicados ao STF nos governos petistas agem por interesses particulares&#8221;"},"content":{"rendered":"<p style=\"text-align: justify;\"><img loading=\"lazy\" class=\"alignnone size-medium wp-image-171643\" src=\"https:\/\/mspontocom.com.br\/site\/wp-content\/uploads\/2022\/06\/site-bolsonaro-indicados-ao-stf-nos-governos-petistas-agem-por-interesses-particulares-ministros-e1655113416601-260x126.jpg\" alt=\"\" width=\"260\" height=\"126\" srcset=\"https:\/\/mspontocom.com.br\/site\/wp-content\/uploads\/2022\/06\/site-bolsonaro-indicados-ao-stf-nos-governos-petistas-agem-por-interesses-particulares-ministros-e1655113416601-260x126.jpg 260w, https:\/\/mspontocom.com.br\/site\/wp-content\/uploads\/2022\/06\/site-bolsonaro-indicados-ao-stf-nos-governos-petistas-agem-por-interesses-particulares-ministros-e1655113416601.jpg 688w\" sizes=\"(max-width: 260px) 100vw, 260px\" \/><\/p>\n<p style=\"text-align: justify;\">O presidente<strong> Jair Bolsonaro\u00a0<\/strong> criticou neste domingo\u00a0 o <strong>TSE<\/strong> (Tribunal Superior Eleitoral) e sugeriu que ministros indicados ao <strong>STF\u00a0<\/strong> nos governos petistas estariam agindo por interesses particulares.<\/p>\n<p style=\"text-align: justify;\">Criticou principalmente o ministro Edson Fachin e voltou a atacar os ministros Alexandre de Moraes e Roberto Barroso.<\/p>\n<p style=\"text-align: justify;\">\u201c\u00c9 muito f\u00e1cil fazer campanha, falar o que n\u00e3o fazem. E tamb\u00e9m, de outra forma, aparelhando institui\u00e7\u00f5es que, quando voc\u00ea precisa, voc\u00ea aciona os seus amigos para tomarem provid\u00eancias. <strong>Quem \u00e9 que colocou o Lula na rua? Foi o Fachin.<\/strong> Quem est\u00e1 \u00e0 frente do Tribunal Superior Eleitoral no momento? \u00c9 o Fachin. \u00c9 apenas uma dica do que est\u00e1 acontecendo\u201d, disse.<\/p>\n<p style=\"text-align: justify;\">Tamb\u00e9m criticou o tribunal por n\u00e3o aceitar todas as sugest\u00f5es apresentadas pelas <strong>For\u00e7as Armadas<\/strong> para o processo eleitoral.<\/p>\n<p style=\"text-align: justify;\">Para ele, a apura\u00e7\u00e3o simult\u00e2nea de votos foi uma alternativa \u201cmuito importante\u201d que ficou de fora.<\/p>\n<p style=\"text-align: justify;\">Ele falou por videoconfer\u00eancia durante o evento CPAC Brasil.<\/p>\n<p style=\"text-align: justify;\">\n","protected":false},"excerpt":{"rendered":"<p>O presidente Jair Bolsonaro\u00a0 criticou neste domingo\u00a0 o TSE (Tribunal Superior Eleitoral) e sugeriu que ministros indicados ao STF\u00a0 nos governos petistas estariam agindo por interesses particulares. Criticou principalmente o ministro Edson Fachin e voltou a atacar os ministros Alexandre de Moraes e Roberto Barroso. \u201c\u00c9 muito f\u00e1cil fazer campanha, falar o que n\u00e3o fazem. [&hellip;]<\/p>\n","protected":false},"author":2,"featured_media":171643,"comment_status":"open","ping_status":"open","sticky":false,"template":"","format":"standard","meta":{"_monsterinsights_skip_tracking":false,"_monsterinsights_sitenote_active":false,"_monsterinsights_sitenote_note":"","_monsterinsights_sitenote_category":0},"categories":[6,30260,30259],"tags":[21017,38043,38042,38044,587,3014],"aioseo_notices":[],"_links":{"self":[{"href":"https:\/\/mspontocom.com.br\/site\/wp-json\/wp\/v2\/posts\/171641"}],"collection":[{"href":"https:\/\/mspontocom.com.br\/site\/wp-json\/wp\/v2\/posts"}],"about":[{"href":"https:\/\/mspontocom.com.br\/site\/wp-json\/wp\/v2\/types\/post"}],"author":[{"embeddable":true,"href":"https:\/\/mspontocom.com.br\/site\/wp-json\/wp\/v2\/users\/2"}],"replies":[{"embeddable":true,"href":"https:\/\/mspontocom.com.br\/site\/wp-json\/wp\/v2\/comments?post=171641"}],"version-history":[{"count":3,"href":"https:\/\/mspontocom.com.br\/site\/wp-json\/wp\/v2\/posts\/171641\/revisions"}],"predecessor-version":[{"id":171664,"href":"https:\/\/mspontocom.com.br\/site\/wp-json\/wp\/v2\/posts\/171641\/revisions\/171664"}],"wp:featuredmedia":[{"embeddable":true,"href":"https:\/\/mspontocom.com.br\/site\/wp-json\/wp\/v2\/media\/171643"}],"wp:attachment":[{"href":"https:\/\/mspontocom.com.br\/site\/wp-json\/wp\/v2\/media?parent=171641"}],"wp:term":[{"taxonomy":"category","embeddable":true,"href":"https:\/\/mspontocom.com.br\/site\/wp-json\/wp\/v2\/categories?post=171641"},{"taxonomy":"post_tag","embeddable":true,"href":"https:\/\/mspontocom.com.br\/site\/wp-json\/wp\/v2\/tags?post=171641"}],"curies":[{"name":"wp","href":"https:\/\/api.w.org\/{rel}","templated":true}]}}