{"id":171669,"date":"2022-06-14T06:00:39","date_gmt":"2022-06-14T10:00:39","guid":{"rendered":"https:\/\/mspontocom.com.br\/site\/?p=171669"},"modified":"2022-06-14T06:00:39","modified_gmt":"2022-06-14T10:00:39","slug":"senado-propoe-alterar-escolha-de-ministros-do-stf-para-evitar-suspeicao","status":"publish","type":"post","link":"https:\/\/mspontocom.com.br\/site\/senado-propoe-alterar-escolha-de-ministros-do-stf-para-evitar-suspeicao\/","title":{"rendered":"Senado prop\u00f5e alterar escolha de ministros do STF para evitar \u2018suspei\u00e7\u00e3o\u2019"},"content":{"rendered":"<p style=\"text-align: justify;\"><img loading=\"lazy\" class=\"alignnone size-medium wp-image-171688\" src=\"https:\/\/mspontocom.com.br\/site\/wp-content\/uploads\/2022\/06\/site-dias-propoe-alterar-escolha-de-ministros-do-stf-para-evitar-suspeicao-stf-2-e8b5f394-e1655200749524-260x158.png\" alt=\"\" width=\"260\" height=\"158\" srcset=\"https:\/\/mspontocom.com.br\/site\/wp-content\/uploads\/2022\/06\/site-dias-propoe-alterar-escolha-de-ministros-do-stf-para-evitar-suspeicao-stf-2-e8b5f394-e1655200749524-260x158.png 260w, https:\/\/mspontocom.com.br\/site\/wp-content\/uploads\/2022\/06\/site-dias-propoe-alterar-escolha-de-ministros-do-stf-para-evitar-suspeicao-stf-2-e8b5f394-e1655200749524.png 686w\" sizes=\"(max-width: 260px) 100vw, 260px\" \/><\/p>\n<p style=\"text-align: justify;\">Em pronunciamento na tribuna do Senado, <strong>\u00c1lvaro Dias<\/strong> (Podemos-PR) criticou o<strong> STF<\/strong> de confirmar a cassa\u00e7\u00e3o do deputado estadual <strong>Fernando Francischini. <\/strong><\/p>\n<p style=\"text-align: justify;\">Para o senador, a lei retroagiu para prejudicar o parlamentar estadual paranaense.<\/p>\n<p style=\"text-align: justify;\">Dias apontou que h\u00e1 uma \u201c<strong>suspei\u00e7\u00e3o generalizada\u201d<\/strong> em torno de decis\u00f5es do STF e, para o senador, isso \u201c\u00e9 consequ\u00eancia da indica\u00e7\u00e3o pol\u00edtica\u201d<\/p>\n<p style=\"text-align: justify;\">\u201cA suspei\u00e7\u00e3o que perdura \u00e9 consequ\u00eancia da indica\u00e7\u00e3o pol\u00edtica. Por exemplo, o PT indicou sete dos 11 ministros. Obviamente quando voc\u00ea anula senten\u00e7as que envolvem um l\u00edder petista, fica a impress\u00e3o que houve suspei\u00e7\u00e3o\u2026 que houve interesse\u201d, disse \u00c1lvaro Dias.<\/p>\n<p style=\"text-align: justify;\"><strong>Para eliminar o que classifica como suspei\u00e7\u00e3o, Dias prop\u00f4s que o Judici\u00e1rio vote em um nome, o Minist\u00e9rio P\u00fablico escolha outro, assim como a Advocacia. <\/strong><\/p>\n<p style=\"text-align: justify;\">Seria ent\u00e3o formada uma lista tr\u00edplice de nomes para o STF, entre os quais o presidente da Rep\u00fablica escolheria o ministro.<\/p>\n<p style=\"text-align: justify;\">\u201cQue se estabel\u00e7a, ao inv\u00e9s da indica\u00e7\u00e3o pol\u00edtica, a for\u00e7a da meritocracia\u201d, prop\u00f4s o senador.<\/p>\n<p style=\"text-align: justify;\">\n<p style=\"text-align: justify;\">Fonte: Tiago Vasconcelos, Diario do Poder<\/p>\n","protected":false},"excerpt":{"rendered":"<p>Em pronunciamento na tribuna do Senado, \u00c1lvaro Dias (Podemos-PR) criticou o STF de confirmar a cassa\u00e7\u00e3o do deputado estadual Fernando Francischini. Para o senador, a lei retroagiu para prejudicar o parlamentar estadual paranaense. Dias apontou que h\u00e1 uma \u201csuspei\u00e7\u00e3o generalizada\u201d em torno de decis\u00f5es do STF e, para o senador, isso \u201c\u00e9 consequ\u00eancia da indica\u00e7\u00e3o [&hellip;]<\/p>\n","protected":false},"author":2,"featured_media":171688,"comment_status":"open","ping_status":"open","sticky":false,"template":"","format":"standard","meta":{"_monsterinsights_skip_tracking":false,"_monsterinsights_sitenote_active":false,"_monsterinsights_sitenote_note":"","_monsterinsights_sitenote_category":0},"categories":[6,30260,30259],"tags":[38050,3871,24015,914,3014],"aioseo_notices":[],"_links":{"self":[{"href":"https:\/\/mspontocom.com.br\/site\/wp-json\/wp\/v2\/posts\/171669"}],"collection":[{"href":"https:\/\/mspontocom.com.br\/site\/wp-json\/wp\/v2\/posts"}],"about":[{"href":"https:\/\/mspontocom.com.br\/site\/wp-json\/wp\/v2\/types\/post"}],"author":[{"embeddable":true,"href":"https:\/\/mspontocom.com.br\/site\/wp-json\/wp\/v2\/users\/2"}],"replies":[{"embeddable":true,"href":"https:\/\/mspontocom.com.br\/site\/wp-json\/wp\/v2\/comments?post=171669"}],"version-history":[{"count":2,"href":"https:\/\/mspontocom.com.br\/site\/wp-json\/wp\/v2\/posts\/171669\/revisions"}],"predecessor-version":[{"id":171689,"href":"https:\/\/mspontocom.com.br\/site\/wp-json\/wp\/v2\/posts\/171669\/revisions\/171689"}],"wp:featuredmedia":[{"embeddable":true,"href":"https:\/\/mspontocom.com.br\/site\/wp-json\/wp\/v2\/media\/171688"}],"wp:attachment":[{"href":"https:\/\/mspontocom.com.br\/site\/wp-json\/wp\/v2\/media?parent=171669"}],"wp:term":[{"taxonomy":"category","embeddable":true,"href":"https:\/\/mspontocom.com.br\/site\/wp-json\/wp\/v2\/categories?post=171669"},{"taxonomy":"post_tag","embeddable":true,"href":"https:\/\/mspontocom.com.br\/site\/wp-json\/wp\/v2\/tags?post=171669"}],"curies":[{"name":"wp","href":"https:\/\/api.w.org\/{rel}","templated":true}]}}