{"id":171671,"date":"2022-06-14T16:03:34","date_gmt":"2022-06-14T20:03:34","guid":{"rendered":"https:\/\/mspontocom.com.br\/site\/?p=171671"},"modified":"2022-06-14T16:00:01","modified_gmt":"2022-06-14T20:00:01","slug":"governo-nega-indenizacao-a-dilma-anistia-ja-custou-r320-milhoes-em-26-anos","status":"publish","type":"post","link":"https:\/\/mspontocom.com.br\/site\/governo-nega-indenizacao-a-dilma-anistia-ja-custou-r320-milhoes-em-26-anos\/","title":{"rendered":"Governo nega indeniza\u00e7\u00e3o a Dilma. Anistia j\u00e1 custou R$320 milh\u00f5es em 26 anos"},"content":{"rendered":"<p style=\"text-align: justify;\"><img loading=\"lazy\" class=\"alignnone size-medium wp-image-171681\" src=\"https:\/\/mspontocom.com.br\/site\/wp-content\/uploads\/2022\/06\/site-governo-nega-indenizacao-a-dilma-comissao-de-anistia-custou-r320-milhoes-em-26-anos-dilma-e1655199046673-260x213.jpg\" alt=\"\" width=\"260\" height=\"213\" srcset=\"https:\/\/mspontocom.com.br\/site\/wp-content\/uploads\/2022\/06\/site-governo-nega-indenizacao-a-dilma-comissao-de-anistia-custou-r320-milhoes-em-26-anos-dilma-e1655199046673-260x213.jpg 260w, https:\/\/mspontocom.com.br\/site\/wp-content\/uploads\/2022\/06\/site-governo-nega-indenizacao-a-dilma-comissao-de-anistia-custou-r320-milhoes-em-26-anos-dilma-e1655199046673-768x628.jpg 768w, https:\/\/mspontocom.com.br\/site\/wp-content\/uploads\/2022\/06\/site-governo-nega-indenizacao-a-dilma-comissao-de-anistia-custou-r320-milhoes-em-26-anos-dilma-e1655199046673.jpg 776w\" sizes=\"(max-width: 260px) 100vw, 260px\" \/><\/p>\n<p style=\"text-align: justify;\">O Minist\u00e9rio da Mulher, da Fam\u00edlia e dos Direitos Humanos negou pedido de<strong> anistia<\/strong> da ex-presidente <strong>Dilma Rousseff. <\/strong><\/p>\n<p style=\"text-align: justify;\">A petista pediu indeniza\u00e7\u00e3o por ter sido perseguida, presa e torturada durante o governo militar (1964-1985).<\/p>\n<p>Dilma pediu<strong> indeniza\u00e7\u00e3o de R$ 10.700 mensais,<\/strong> al\u00e9m da contagem do tempo do per\u00edodo em que foi presa.<\/p>\n<p style=\"text-align: justify;\">Criada em 1995, no governo FHC, a Comiss\u00e3o de Anistia virou uma farra de R$319,2 milh\u00f5es, segundo o relat\u00f3rio final do Minist\u00e9rio da Fam\u00edlia, Direitos Humanos.<\/p>\n<p style=\"text-align: justify;\">A maior parte se refere a indeniza\u00e7\u00f5es (R$281,2 milh\u00f5es) e o restante foi gasto com mordomias, di\u00e1rias, viagens, eventos etc.<\/p>\n<div class=\"notas\" style=\"text-align: justify;\">\n<div id=\"Nota-3\" class=\"entry-block ch-nota Nota-3\">\n<h3>Cara malandragem<\/h3>\n<\/div>\n<p>Ao longo desse tempo, houve casos de indeniza\u00e7\u00e3o justa, mas uma grande parte foi produto apenas de malandragem.<\/p>\n<p><strong>Por nossa conta<\/strong><\/p>\n<p>Nos \u00faltimos tempos, a comiss\u00e3o reduziu custos com passagens, que caiu de R$623 mil em 2018 para R$4,8 mil em 2021.<\/p>\n<\/div>\n<p style=\"text-align: justify;\">Fonte: Di\u00e1rio do Poder<\/p>\n<p style=\"text-align: justify;\">\n","protected":false},"excerpt":{"rendered":"<p>O Minist\u00e9rio da Mulher, da Fam\u00edlia e dos Direitos Humanos negou pedido de anistia da ex-presidente Dilma Rousseff. A petista pediu indeniza\u00e7\u00e3o por ter sido perseguida, presa e torturada durante o governo militar (1964-1985). Dilma pediu indeniza\u00e7\u00e3o de R$ 10.700 mensais, al\u00e9m da contagem do tempo do per\u00edodo em que foi presa. Criada em 1995, [&hellip;]<\/p>\n","protected":false},"author":2,"featured_media":171681,"comment_status":"open","ping_status":"open","sticky":false,"template":"","format":"standard","meta":{"_monsterinsights_skip_tracking":false,"_monsterinsights_sitenote_active":false,"_monsterinsights_sitenote_note":"","_monsterinsights_sitenote_category":0},"categories":[6,30260,30259],"tags":[979,195,1220,8366],"aioseo_notices":[],"_links":{"self":[{"href":"https:\/\/mspontocom.com.br\/site\/wp-json\/wp\/v2\/posts\/171671"}],"collection":[{"href":"https:\/\/mspontocom.com.br\/site\/wp-json\/wp\/v2\/posts"}],"about":[{"href":"https:\/\/mspontocom.com.br\/site\/wp-json\/wp\/v2\/types\/post"}],"author":[{"embeddable":true,"href":"https:\/\/mspontocom.com.br\/site\/wp-json\/wp\/v2\/users\/2"}],"replies":[{"embeddable":true,"href":"https:\/\/mspontocom.com.br\/site\/wp-json\/wp\/v2\/comments?post=171671"}],"version-history":[{"count":3,"href":"https:\/\/mspontocom.com.br\/site\/wp-json\/wp\/v2\/posts\/171671\/revisions"}],"predecessor-version":[{"id":171700,"href":"https:\/\/mspontocom.com.br\/site\/wp-json\/wp\/v2\/posts\/171671\/revisions\/171700"}],"wp:featuredmedia":[{"embeddable":true,"href":"https:\/\/mspontocom.com.br\/site\/wp-json\/wp\/v2\/media\/171681"}],"wp:attachment":[{"href":"https:\/\/mspontocom.com.br\/site\/wp-json\/wp\/v2\/media?parent=171671"}],"wp:term":[{"taxonomy":"category","embeddable":true,"href":"https:\/\/mspontocom.com.br\/site\/wp-json\/wp\/v2\/categories?post=171671"},{"taxonomy":"post_tag","embeddable":true,"href":"https:\/\/mspontocom.com.br\/site\/wp-json\/wp\/v2\/tags?post=171671"}],"curies":[{"name":"wp","href":"https:\/\/api.w.org\/{rel}","templated":true}]}}