{"id":171677,"date":"2022-06-14T17:08:11","date_gmt":"2022-06-14T21:08:11","guid":{"rendered":"https:\/\/mspontocom.com.br\/site\/?p=171677"},"modified":"2022-06-14T16:02:11","modified_gmt":"2022-06-14T20:02:11","slug":"a-politica-externa-brasileira-vai-bem-apesar-da-imprensa-artigo-j-r-guzzo","status":"publish","type":"post","link":"https:\/\/mspontocom.com.br\/site\/a-politica-externa-brasileira-vai-bem-apesar-da-imprensa-artigo-j-r-guzzo\/","title":{"rendered":"A pol\u00edtica externa brasileira vai bem, apesar da imprensa. Artigo J.R. Guzzo"},"content":{"rendered":"<p><strong><em><img loading=\"lazy\" class=\"alignnone size-medium wp-image-171690\" src=\"https:\/\/mspontocom.com.br\/site\/wp-content\/uploads\/2022\/06\/site-a-politica-externa-brasileira-vai-bem-apesar-da-imprensa-artigo-j-r-guzzo-jr-260x260.jpg\" alt=\"\" width=\"260\" height=\"260\" srcset=\"https:\/\/mspontocom.com.br\/site\/wp-content\/uploads\/2022\/06\/site-a-politica-externa-brasileira-vai-bem-apesar-da-imprensa-artigo-j-r-guzzo-jr-260x260.jpg 260w, https:\/\/mspontocom.com.br\/site\/wp-content\/uploads\/2022\/06\/site-a-politica-externa-brasileira-vai-bem-apesar-da-imprensa-artigo-j-r-guzzo-jr-150x150.jpg 150w, https:\/\/mspontocom.com.br\/site\/wp-content\/uploads\/2022\/06\/site-a-politica-externa-brasileira-vai-bem-apesar-da-imprensa-artigo-j-r-guzzo-jr.jpg 400w\" sizes=\"(max-width: 260px) 100vw, 260px\" \/><\/em><\/strong><\/p>\n<p><strong><em>R. Guzzo<\/em>, publicado no jornal\u00a0<em>Gazeta do Povo<\/em>\u00a0em 13 de junho de 2022<\/strong><\/p>\n<p>&nbsp;<\/p>\n<p style=\"text-align: justify;\">De todos os grandes crimes de que o governo \u00e9 acusado pelos partidos de esquerda, pelos formadores de opini\u00e3o e pelos especialistas que a televis\u00e3o chama para nos iluminar em mesas-redondas depois do hor\u00e1rio nobre, poucos deixam os acusadores t\u00e3o assombrados quanto a \u201cpol\u00edtica externa\u201d.<\/p>\n<p style=\"text-align: justify;\">\u00c9 algo mais ou menos entre o genoc\u00eddio e a rachadinha \u2014 \u00e9 menos falado do que ambos, certamente, mas impressiona muito a parte da oposi\u00e7\u00e3o nacional que se considera mais culta, inteligente e civilizada.<\/p>\n<p style=\"text-align: justify;\">A pol\u00edtica externa brasileira, dizem todos, \u00e9 uma calamidade que conduziu o Brasil a um \u201ccompleto isolamento\u201d perante a comunidade das na\u00e7\u00f5es e fez de n\u00f3s, os brasileiros, p\u00e1rias num mundo que n\u00e3o tolera mais, hoje em dia, o \u201cpopulismo\u201d, o \u201cdireitismo\u201d, o \u201cfascismo\u201d e tudo o mais que marca esse governo que est\u00e1 a\u00ed.<\/p>\n<p style=\"text-align: justify;\">No mundo dos fatos objetivos, por\u00e9m, as coisas acontecem de maneira exatamente oposta \u00e0 que \u00e9 descrita pela oposi\u00e7\u00e3o.<\/p>\n<p style=\"text-align: justify;\">Nada poderia comprovar isso de forma mais clara do que a seguinte realidade: nunca, como neste momento, o Brasil esteve t\u00e3o pr\u00f3ximo de entrar na\u00a0<a href=\"https:\/\/www.oecd.org\/latin-america\/paises\/brasil-portugues\/\" target=\"_blank\" rel=\"noopener\"><strong>OCDE<\/strong><\/a>, a Organiza\u00e7\u00e3o para a Coopera\u00e7\u00e3o e Desenvolvimento, a mais s\u00e9ria, prestigiada e relevante entidade internacional em opera\u00e7\u00e3o atualmente no mundo.<\/p>\n<p style=\"text-align: justify;\">A OCDE, com seus crit\u00e9rios extremamente rigorosos para a admiss\u00e3o de membros, \u00e9 onde se juntam as democracias mais bem-sucedidas do Primeiro Mundo \u2014 aquelas que demonstram compet\u00eancia comprovada em todas as quest\u00f5es-chave de boa governan\u00e7a e praticam o respeito pela liberdade econ\u00f4mica.<\/p>\n<p style=\"text-align: justify;\">Estar na OCDE \u00e9 estar entre os pa\u00edses que mais deram certo num mundo cada vez mais errado. N\u00e3o \u00e9 uma ONU, ou coisa parecida. L\u00e1 vagabundo n\u00e3o entra.<\/p>\n<p style=\"text-align: justify;\">O Brasil, se tudo der certo, e se as atuais estrat\u00e9gias administrativas e econ\u00f4micas forem mantidas, dever\u00e1 ser um dos pr\u00f3ximos membros da OCDE.<\/p>\n<p style=\"text-align: justify;\">\u00c9 preciso, para isso, cumprir toda uma longa s\u00e9rie de exig\u00eancias; ainda vai levar, segundo as estimativas de hoje, entre tr\u00eas e cinco anos para o pa\u00eds completar as condi\u00e7\u00f5es que s\u00e3o requeridas para a admiss\u00e3o.<\/p>\n<p style=\"text-align: justify;\">Mas o ingresso do Brasil deixou de ser uma meta, ou um objeto de discursos: passou a ser um processo em andamento com possibilidades reais de sucesso.<\/p>\n<p style=\"text-align: justify;\">\u00c9 mais do que se conseguiu em qualquer \u00e9poca de pol\u00edtica externa \u201cequilibrada\u201d, \u201cglobalista\u201d e fiel ao \u201cpoliticamente correto\u201d \u2014 aquela \u00e9poca, j\u00e1 distante, em que Leonardo DiCaprio n\u00e3o falava mal do Brasil, o presidente da Fran\u00e7a n\u00e3o dizia que a Amaz\u00f4nia \u201cest\u00e1 em chamas\u201d e a menina Greta nem sabia que a gente existia.<\/p>\n<p style=\"text-align: justify;\">Hoje o Brasil \u00e9 o bandido do mundo para as classes intelectuais, os artistas, as ONGs, os cientistas de circunst\u00e2ncia, as entidades de \u201cdefesa dos \u00edndios\u201d, os executivos de multinacionais \u201cinclusivas\u201d e os despachantes de interesses ocultos.<\/p>\n<p style=\"text-align: justify;\">Mas sua agricultura e pecu\u00e1ria est\u00e3o batendo todos os recordes de exporta\u00e7\u00e3o, e se transformaram numa pe\u00e7a-chave para a seguran\u00e7a alimentar do mundo.<\/p>\n<p style=\"text-align: justify;\">N\u00e3o h\u00e1 nenhuma grande empresa global sem presen\u00e7a ativa no pa\u00eds.<\/p>\n<p style=\"text-align: justify;\">Os investimentos estrangeiros no Brasil, um elemento essencial na defini\u00e7\u00e3o do grau de respeito desfrutado por qualquer pa\u00eds na comunidade internacional, foram de US$ 50 bilh\u00f5es no ano passado, com pandemia e tudo \u2014 80% a mais, simplesmente, do que em 2020.<\/p>\n<p style=\"text-align: justify;\">Em todo o mundo, o Brasil ficou em sexto lugar entre os que mais receberam capital estrangeiro em suas economias em 2021 \u2014 abaixo apenas dos Estados Unidos e da China, como n\u00e3o poderia deixar de ser, e de Cingapura, de Hong Kong e do Canad\u00e1, longamente estabelecidos como grandes \u00edm\u00e3s do investimento mundial.<\/p>\n<p style=\"text-align: justify;\">O Brasil, segundo os \u201cespecialistas\u201d, estaria praticamente rompido com os Estados Unidos e o seu presidente, Joe Biden.<\/p>\n<p style=\"text-align: justify;\">Na \u00faltima c\u00fapula dos pa\u00edses americanos em Los Angeles, presidida por Biden, o Brasil foi perfeitamente bem recebido; quem n\u00e3o estava l\u00e1, por desconvite, eram Venezuela, Cuba e Nicar\u00e1gua, justamente os pa\u00edses deixados na geladeira pela atual pol\u00edtica externa do Itamaraty. H\u00e1, enfim, a evolu\u00e7\u00e3o da entrada na OCDE.<\/p>\n<p style=\"text-align: justify;\">Isolamento? \u00c9 melhor estar isolado assim do que integrado num mundo onde os pa\u00edses mais importantes s\u00e3o as mencionadas Venezuela, Nicar\u00e1gua e Cuba, mais as ditaduras africanas, as organiza\u00e7\u00f5es \u201cpalestinas\u201d e grupos terroristas mu\u00e7ulmanos \u2014 um resumo de tudo que d\u00e1 errado, destr\u00f3i a democracia, gera pobreza e causa morte, e que tanto atrai o amor e o afeto da oposi\u00e7\u00e3o brasileira.<\/p>\n","protected":false},"excerpt":{"rendered":"<p>R. Guzzo, publicado no jornal\u00a0Gazeta do Povo\u00a0em 13 de junho de 2022 &nbsp; De todos os grandes crimes de que o governo \u00e9 acusado pelos partidos de esquerda, pelos formadores de opini\u00e3o e pelos especialistas que a televis\u00e3o chama para nos iluminar em mesas-redondas depois do hor\u00e1rio nobre, poucos deixam os acusadores t\u00e3o assombrados quanto [&hellip;]<\/p>\n","protected":false},"author":2,"featured_media":171690,"comment_status":"open","ping_status":"open","sticky":false,"template":"","format":"standard","meta":{"_monsterinsights_skip_tracking":false,"_monsterinsights_sitenote_active":false,"_monsterinsights_sitenote_note":"","_monsterinsights_sitenote_category":0},"categories":[6],"tags":[17132,37846,38051],"aioseo_notices":[],"_links":{"self":[{"href":"https:\/\/mspontocom.com.br\/site\/wp-json\/wp\/v2\/posts\/171677"}],"collection":[{"href":"https:\/\/mspontocom.com.br\/site\/wp-json\/wp\/v2\/posts"}],"about":[{"href":"https:\/\/mspontocom.com.br\/site\/wp-json\/wp\/v2\/types\/post"}],"author":[{"embeddable":true,"href":"https:\/\/mspontocom.com.br\/site\/wp-json\/wp\/v2\/users\/2"}],"replies":[{"embeddable":true,"href":"https:\/\/mspontocom.com.br\/site\/wp-json\/wp\/v2\/comments?post=171677"}],"version-history":[{"count":2,"href":"https:\/\/mspontocom.com.br\/site\/wp-json\/wp\/v2\/posts\/171677\/revisions"}],"predecessor-version":[{"id":171691,"href":"https:\/\/mspontocom.com.br\/site\/wp-json\/wp\/v2\/posts\/171677\/revisions\/171691"}],"wp:featuredmedia":[{"embeddable":true,"href":"https:\/\/mspontocom.com.br\/site\/wp-json\/wp\/v2\/media\/171690"}],"wp:attachment":[{"href":"https:\/\/mspontocom.com.br\/site\/wp-json\/wp\/v2\/media?parent=171677"}],"wp:term":[{"taxonomy":"category","embeddable":true,"href":"https:\/\/mspontocom.com.br\/site\/wp-json\/wp\/v2\/categories?post=171677"},{"taxonomy":"post_tag","embeddable":true,"href":"https:\/\/mspontocom.com.br\/site\/wp-json\/wp\/v2\/tags?post=171677"}],"curies":[{"name":"wp","href":"https:\/\/api.w.org\/{rel}","templated":true}]}}