{"id":171707,"date":"2022-06-15T17:27:12","date_gmt":"2022-06-15T21:27:12","guid":{"rendered":"https:\/\/mspontocom.com.br\/site\/?p=171707"},"modified":"2022-06-15T16:17:43","modified_gmt":"2022-06-15T20:17:43","slug":"democracia-sem-fronteiras-critica-vies-politico-da-onu-sobre-o-brasil","status":"publish","type":"post","link":"https:\/\/mspontocom.com.br\/site\/democracia-sem-fronteiras-critica-vies-politico-da-onu-sobre-o-brasil\/","title":{"rendered":"Democracia Sem Fronteiras critica vi\u00e9s pol\u00edtico da ONU sobre o Brasil"},"content":{"rendered":"<p><img loading=\"lazy\" class=\"alignnone size-medium wp-image-171720\" src=\"https:\/\/mspontocom.com.br\/site\/wp-content\/uploads\/2022\/06\/site-democracia-sem-fronteiras-critica-vies-politico-da-onu-sobre-o-brasil-brache-e1655286332198-260x136.jpeg\" alt=\"\" width=\"260\" height=\"136\" srcset=\"https:\/\/mspontocom.com.br\/site\/wp-content\/uploads\/2022\/06\/site-democracia-sem-fronteiras-critica-vies-politico-da-onu-sobre-o-brasil-brache-e1655286332198-260x136.jpeg 260w, https:\/\/mspontocom.com.br\/site\/wp-content\/uploads\/2022\/06\/site-democracia-sem-fronteiras-critica-vies-politico-da-onu-sobre-o-brasil-brache-e1655286332198-1024x535.jpeg 1024w, https:\/\/mspontocom.com.br\/site\/wp-content\/uploads\/2022\/06\/site-democracia-sem-fronteiras-critica-vies-politico-da-onu-sobre-o-brasil-brache-e1655286332198-768x401.jpeg 768w, https:\/\/mspontocom.com.br\/site\/wp-content\/uploads\/2022\/06\/site-democracia-sem-fronteiras-critica-vies-politico-da-onu-sobre-o-brasil-brache-e1655286332198.jpeg 1100w\" sizes=\"(max-width: 260px) 100vw, 260px\" \/><\/p>\n<p>O movimento <strong>Democracia Sem Fronteiras<\/strong> criticou duramente a seletividade das declara\u00e7\u00f5es da alta comiss\u00e1ria da ONU, <strong>Michelle Bachelet,<\/strong> sobre o Brasil.<\/p>\n<p>\u201cVale chamar aten\u00e7\u00e3o para a postura da alta comiss\u00e1ria, no in\u00edcio do m\u00eas, ap\u00f3s a sua visita \u00e0 <strong>China<\/strong>. O discurso ameno de Bachelet sobre os casos que foram levantados de pris\u00e3o e persegui\u00e7\u00e3o aos uigures e outras minorias mu\u00e7ulmanas na China, na verdade, maquiaram os problemas que ocorrem, no territ\u00f3rio chin\u00eas, no que diz respeito aos direitos humanos. Dessa forma, diversas institui\u00e7\u00f5es est\u00e3o criticando o posicionamento da representante\u201d, diz a nota.<\/p>\n<div id=\"ddp-ads-AD-51\" data-google-query-id=\"CPPEooKQr_gCFUAzuQYdABMEGg\">\n<div id=\"google_ads_iframe_\/21727414016\/AD-51_0__container__\">O Democracia Sem Fronteiras lembrou tamb\u00e9m a \u201crepress\u00e3o de dezenas de manifestantes em Cuba\u201d em julho do ano passado.<\/div>\n<div><\/div>\n<div>Por fim, o grupo disse repudiar \u201cveementemente, o <strong>vi\u00e9s pol\u00edtico<\/strong> do uso de institui\u00e7\u00f5es, como a <strong>ONU,<\/strong> para atacar pa\u00edses com governos ideologicamente diferentes dos de quem ocupa cargos em grandes organiza\u00e7\u00f5es mundiais\u201d e que jamais vai, dependendo do alinhamento pol\u00edtico-ideol\u00f3gico, aceitar viola\u00e7\u00f5es de Direitos Humanos ou pr\u00e1ticas violentas.<\/div>\n<\/div>\n<p>&nbsp;<\/p>\n<p>fonte: Andre Brito, Di\u00e1rio do Poder<\/p>\n","protected":false},"excerpt":{"rendered":"<p>O movimento Democracia Sem Fronteiras criticou duramente a seletividade das declara\u00e7\u00f5es da alta comiss\u00e1ria da ONU, Michelle Bachelet, sobre o Brasil. \u201cVale chamar aten\u00e7\u00e3o para a postura da alta comiss\u00e1ria, no in\u00edcio do m\u00eas, ap\u00f3s a sua visita \u00e0 China. O discurso ameno de Bachelet sobre os casos que foram levantados de pris\u00e3o e persegui\u00e7\u00e3o [&hellip;]<\/p>\n","protected":false},"author":2,"featured_media":171720,"comment_status":"open","ping_status":"open","sticky":false,"template":"","format":"standard","meta":{"_monsterinsights_skip_tracking":false,"_monsterinsights_sitenote_active":false,"_monsterinsights_sitenote_note":"","_monsterinsights_sitenote_category":0},"categories":[6,30260,30259],"tags":[21017,30254,38056,38055,1684],"aioseo_notices":[],"_links":{"self":[{"href":"https:\/\/mspontocom.com.br\/site\/wp-json\/wp\/v2\/posts\/171707"}],"collection":[{"href":"https:\/\/mspontocom.com.br\/site\/wp-json\/wp\/v2\/posts"}],"about":[{"href":"https:\/\/mspontocom.com.br\/site\/wp-json\/wp\/v2\/types\/post"}],"author":[{"embeddable":true,"href":"https:\/\/mspontocom.com.br\/site\/wp-json\/wp\/v2\/users\/2"}],"replies":[{"embeddable":true,"href":"https:\/\/mspontocom.com.br\/site\/wp-json\/wp\/v2\/comments?post=171707"}],"version-history":[{"count":2,"href":"https:\/\/mspontocom.com.br\/site\/wp-json\/wp\/v2\/posts\/171707\/revisions"}],"predecessor-version":[{"id":171721,"href":"https:\/\/mspontocom.com.br\/site\/wp-json\/wp\/v2\/posts\/171707\/revisions\/171721"}],"wp:featuredmedia":[{"embeddable":true,"href":"https:\/\/mspontocom.com.br\/site\/wp-json\/wp\/v2\/media\/171720"}],"wp:attachment":[{"href":"https:\/\/mspontocom.com.br\/site\/wp-json\/wp\/v2\/media?parent=171707"}],"wp:term":[{"taxonomy":"category","embeddable":true,"href":"https:\/\/mspontocom.com.br\/site\/wp-json\/wp\/v2\/categories?post=171707"},{"taxonomy":"post_tag","embeddable":true,"href":"https:\/\/mspontocom.com.br\/site\/wp-json\/wp\/v2\/tags?post=171707"}],"curies":[{"name":"wp","href":"https:\/\/api.w.org\/{rel}","templated":true}]}}