{"id":171709,"date":"2022-06-15T14:17:51","date_gmt":"2022-06-15T18:17:51","guid":{"rendered":"https:\/\/mspontocom.com.br\/site\/?p=171709"},"modified":"2022-06-15T14:14:05","modified_gmt":"2022-06-15T18:14:05","slug":"bancadas-ruralista-e-evangelica-dao-aval-a-pec-que-anula-decisoes-do-stf","status":"publish","type":"post","link":"https:\/\/mspontocom.com.br\/site\/bancadas-ruralista-e-evangelica-dao-aval-a-pec-que-anula-decisoes-do-stf\/","title":{"rendered":"Bancadas ruralista e evang\u00e9lica d\u00e3o aval \u00e0 PEC que anula decis\u00f5es do STF"},"content":{"rendered":"<p class=\"styles__Container-rhi54a-0 cOgpju\"><img loading=\"lazy\" class=\"alignnone size-medium wp-image-171724\" src=\"https:\/\/mspontocom.com.br\/site\/wp-content\/uploads\/2022\/06\/site-bancadas-ruralista-e-evangelica-dao-aval-a-pec-que-anula-decisoes-do-stf-stf-2-e8b5f394-e1655287570321-260x158.png\" alt=\"\" width=\"260\" height=\"158\" srcset=\"https:\/\/mspontocom.com.br\/site\/wp-content\/uploads\/2022\/06\/site-bancadas-ruralista-e-evangelica-dao-aval-a-pec-que-anula-decisoes-do-stf-stf-2-e8b5f394-e1655287570321-260x158.png 260w, https:\/\/mspontocom.com.br\/site\/wp-content\/uploads\/2022\/06\/site-bancadas-ruralista-e-evangelica-dao-aval-a-pec-que-anula-decisoes-do-stf-stf-2-e8b5f394-e1655287570321-768x468.png 768w, https:\/\/mspontocom.com.br\/site\/wp-content\/uploads\/2022\/06\/site-bancadas-ruralista-e-evangelica-dao-aval-a-pec-que-anula-decisoes-do-stf-stf-2-e8b5f394-e1655287570321.png 786w\" sizes=\"(max-width: 260px) 100vw, 260px\" \/><\/p>\n<p class=\"styles__Container-rhi54a-0 cOgpju\">Integrantes das <strong>bancadas evang\u00e9lica<\/strong> e do <strong>agroneg\u00f3cio<\/strong> entraram no circuito para apoiar a Proposta de Emenda \u00e0 Constitui\u00e7\u00e3o (PEC) que d\u00e1 ao Congresso poder para derrubar decis\u00f5es do <strong>STF. <\/strong><\/p>\n<p class=\"styles__Container-rhi54a-0 cOgpju\">O texto da PEC permite que deputados e senadores possam anular julgamentos que n\u00e3o tenham decis\u00f5es por unanimidade dos ministros da Corte.<\/p>\n<p class=\"styles__Container-rhi54a-0 cOgpju\">\u00a0Alegam que o texto tenta conter o que consideram ser <strong>\u201cativismo judici\u00e1rio\u201d<\/strong> quando o Supremo julga temas que ainda n\u00e3o s\u00e3o consenso no Congresso.<\/p>\n<p class=\"styles__Container-rhi54a-0 cOgpju\">A bancada ruralista tem 245 integrantes na C\u00e2mara e 39 no Senado, atualmente.<\/p>\n<p class=\"styles__Container-rhi54a-0 cOgpju\">A frente parlamentar evang\u00e9lica, por sua vez, re\u00fane 201 deputados e oito senadores.<\/p>\n<p class=\"styles__Container-rhi54a-0 cOgpju\">O texto tem recebido assinaturas, inicialmente, de parlamentares do PL, partido do presidente <strong>Jair Bolsonaro,<\/strong> que tem feito cr\u00edticas constantes aos ministros do Supremo.<\/p>\n<p class=\"styles__Container-rhi54a-0 cOgpju\"><strong>Interesse<\/strong><\/p>\n<p class=\"styles__Container-rhi54a-0 cOgpju\">Os ruralistas formam um dos grupos mais interessados na PEC.<\/p>\n<p class=\"styles__Container-rhi54a-0 cOgpju\">A c\u00fapula da bancada evita se posicionar formalmente, mas liberou integrantes a endossarem a proposta.<\/p>\n<p class=\"styles__Container-rhi54a-0 cOgpju\">No grupo dos evang\u00e9licos, h\u00e1 cr\u00edticas \u00e0 atua\u00e7\u00e3o do Supremo na criminaliza\u00e7\u00e3o da<strong> homofobia<\/strong>, na autoriza\u00e7\u00e3o do<strong> aborto<\/strong> em caso de anencefalia e nas restri\u00e7\u00f5es durante a pandemia de<strong> covid-19<\/strong>, que atingiram igrejas.<\/p>\n<p>&nbsp;<\/p>\n<p>fontes: Daniel Weterman e Weslley Galzo, O Estad\u00e3o<\/p>\n","protected":false},"excerpt":{"rendered":"<p>Integrantes das bancadas evang\u00e9lica e do agroneg\u00f3cio entraram no circuito para apoiar a Proposta de Emenda \u00e0 Constitui\u00e7\u00e3o (PEC) que d\u00e1 ao Congresso poder para derrubar decis\u00f5es do STF. O texto da PEC permite que deputados e senadores possam anular julgamentos que n\u00e3o tenham decis\u00f5es por unanimidade dos ministros da Corte. \u00a0Alegam que o texto [&hellip;]<\/p>\n","protected":false},"author":2,"featured_media":171724,"comment_status":"open","ping_status":"open","sticky":false,"template":"","format":"standard","meta":{"_monsterinsights_skip_tracking":false,"_monsterinsights_sitenote_active":false,"_monsterinsights_sitenote_note":"","_monsterinsights_sitenote_category":0},"categories":[30260,2528,30259],"tags":[25574,38057,30516,38058,38059,3014],"aioseo_notices":[],"_links":{"self":[{"href":"https:\/\/mspontocom.com.br\/site\/wp-json\/wp\/v2\/posts\/171709"}],"collection":[{"href":"https:\/\/mspontocom.com.br\/site\/wp-json\/wp\/v2\/posts"}],"about":[{"href":"https:\/\/mspontocom.com.br\/site\/wp-json\/wp\/v2\/types\/post"}],"author":[{"embeddable":true,"href":"https:\/\/mspontocom.com.br\/site\/wp-json\/wp\/v2\/users\/2"}],"replies":[{"embeddable":true,"href":"https:\/\/mspontocom.com.br\/site\/wp-json\/wp\/v2\/comments?post=171709"}],"version-history":[{"count":2,"href":"https:\/\/mspontocom.com.br\/site\/wp-json\/wp\/v2\/posts\/171709\/revisions"}],"predecessor-version":[{"id":171725,"href":"https:\/\/mspontocom.com.br\/site\/wp-json\/wp\/v2\/posts\/171709\/revisions\/171725"}],"wp:featuredmedia":[{"embeddable":true,"href":"https:\/\/mspontocom.com.br\/site\/wp-json\/wp\/v2\/media\/171724"}],"wp:attachment":[{"href":"https:\/\/mspontocom.com.br\/site\/wp-json\/wp\/v2\/media?parent=171709"}],"wp:term":[{"taxonomy":"category","embeddable":true,"href":"https:\/\/mspontocom.com.br\/site\/wp-json\/wp\/v2\/categories?post=171709"},{"taxonomy":"post_tag","embeddable":true,"href":"https:\/\/mspontocom.com.br\/site\/wp-json\/wp\/v2\/tags?post=171709"}],"curies":[{"name":"wp","href":"https:\/\/api.w.org\/{rel}","templated":true}]}}