{"id":171740,"date":"2022-06-16T07:09:02","date_gmt":"2022-06-16T11:09:02","guid":{"rendered":"https:\/\/mspontocom.com.br\/site\/?p=171740"},"modified":"2022-06-16T07:09:02","modified_gmt":"2022-06-16T11:09:02","slug":"renovacao-de-concessao-da-globo-sera-100-tecnica-diz-ministro","status":"publish","type":"post","link":"https:\/\/mspontocom.com.br\/site\/renovacao-de-concessao-da-globo-sera-100-tecnica-diz-ministro\/","title":{"rendered":"Renova\u00e7\u00e3o de concess\u00e3o da Globo ser\u00e1 \u201c100% t\u00e9cnica\u201d, diz ministro"},"content":{"rendered":"<p style=\"text-align: justify;\"><img loading=\"lazy\" class=\"alignnone size-medium wp-image-171757\" src=\"https:\/\/mspontocom.com.br\/site\/wp-content\/uploads\/2022\/06\/site-renovacao-de-concessao-da-globo-sera-100-tecnica-diz-ministro-globo-260x146.jpg\" alt=\"\" width=\"260\" height=\"146\" srcset=\"https:\/\/mspontocom.com.br\/site\/wp-content\/uploads\/2022\/06\/site-renovacao-de-concessao-da-globo-sera-100-tecnica-diz-ministro-globo-260x146.jpg 260w, https:\/\/mspontocom.com.br\/site\/wp-content\/uploads\/2022\/06\/site-renovacao-de-concessao-da-globo-sera-100-tecnica-diz-ministro-globo-1024x576.jpg 1024w, https:\/\/mspontocom.com.br\/site\/wp-content\/uploads\/2022\/06\/site-renovacao-de-concessao-da-globo-sera-100-tecnica-diz-ministro-globo-768x432.jpg 768w, https:\/\/mspontocom.com.br\/site\/wp-content\/uploads\/2022\/06\/site-renovacao-de-concessao-da-globo-sera-100-tecnica-diz-ministro-globo.jpg 1280w\" sizes=\"(max-width: 260px) 100vw, 260px\" \/><\/p>\n<p style=\"text-align: justify;\">O crit\u00e9rio para renovar a concess\u00e3o de <strong>TV da Rede Globo<\/strong> ser\u00e1 \u201c100% t\u00e9cnico\u201d, disse o ministro das Comunica\u00e7\u00f5es, F\u00e1bio Faria, em entrevista ao Poder360.<\/p>\n<p style=\"text-align: justify;\">A autoriza\u00e7\u00e3o de radiodifus\u00e3o da <strong>Globo<\/strong> vence em 5 de outubro, 3 dias depois do 1\u00ba turno das elei\u00e7\u00f5es.<\/p>\n<p style=\"text-align: justify;\">At\u00e9 agora, a empresa n\u00e3o entrou com pedido formal de renova\u00e7\u00e3o, segundo Faria.<\/p>\n<p style=\"text-align: justify;\"><strong>&#8220;Se tiver tudo ok e quiser renova\u00e7\u00e3o, ser\u00e1 renovada. Se n\u00e3o tiver tudo ok, n\u00e3o ser\u00e1 renovada\u201d,<\/strong> declarou o ministro.<\/p>\n<p style=\"text-align: justify;\">Segundo Faria, Bolsonaro n\u00e3o falou com ele sobre o assunto.<\/p>\n<p style=\"text-align: justify;\">\u201cSomente quando eles derem entrada \u00e9 que vamos saber se est\u00e1 tudo ok ou n\u00e3o para prosseguir.\u201d<\/p>\n<p style=\"text-align: justify;\">O presidente, contudo, j\u00e1 deu sinais de que pode n\u00e3o recomendar a renova\u00e7\u00e3o.<\/p>\n<p style=\"text-align: justify;\">Em fevereiro deste ano, declarou que a<strong> TV Globo<\/strong> pode \u201cenfrentar dificuldades\u201d para ter sua concess\u00e3o renovada.<\/p>\n<p style=\"text-align: justify;\">Meses antes, em novembro de 2021, declarou que a emissora precisa estar \u201carrumadinha\u201d.<\/p>\n<p style=\"text-align: justify;\">\n<p style=\"text-align: justify;\">fontes: LAIS CARREGOSA e MURILO FAGUNDES,\u00a0 Poder 360<\/p>\n","protected":false},"excerpt":{"rendered":"<p>O crit\u00e9rio para renovar a concess\u00e3o de TV da Rede Globo ser\u00e1 \u201c100% t\u00e9cnico\u201d, disse o ministro das Comunica\u00e7\u00f5es, F\u00e1bio Faria, em entrevista ao Poder360. A autoriza\u00e7\u00e3o de radiodifus\u00e3o da Globo vence em 5 de outubro, 3 dias depois do 1\u00ba turno das elei\u00e7\u00f5es. At\u00e9 agora, a empresa n\u00e3o entrou com pedido formal de renova\u00e7\u00e3o, [&hellip;]<\/p>\n","protected":false},"author":2,"featured_media":171757,"comment_status":"open","ping_status":"open","sticky":false,"template":"","format":"standard","meta":{"_monsterinsights_skip_tracking":false,"_monsterinsights_sitenote_active":false,"_monsterinsights_sitenote_note":"","_monsterinsights_sitenote_category":0},"categories":[6],"tags":[21017,4033,501,23834],"aioseo_notices":[],"_links":{"self":[{"href":"https:\/\/mspontocom.com.br\/site\/wp-json\/wp\/v2\/posts\/171740"}],"collection":[{"href":"https:\/\/mspontocom.com.br\/site\/wp-json\/wp\/v2\/posts"}],"about":[{"href":"https:\/\/mspontocom.com.br\/site\/wp-json\/wp\/v2\/types\/post"}],"author":[{"embeddable":true,"href":"https:\/\/mspontocom.com.br\/site\/wp-json\/wp\/v2\/users\/2"}],"replies":[{"embeddable":true,"href":"https:\/\/mspontocom.com.br\/site\/wp-json\/wp\/v2\/comments?post=171740"}],"version-history":[{"count":2,"href":"https:\/\/mspontocom.com.br\/site\/wp-json\/wp\/v2\/posts\/171740\/revisions"}],"predecessor-version":[{"id":171758,"href":"https:\/\/mspontocom.com.br\/site\/wp-json\/wp\/v2\/posts\/171740\/revisions\/171758"}],"wp:featuredmedia":[{"embeddable":true,"href":"https:\/\/mspontocom.com.br\/site\/wp-json\/wp\/v2\/media\/171757"}],"wp:attachment":[{"href":"https:\/\/mspontocom.com.br\/site\/wp-json\/wp\/v2\/media?parent=171740"}],"wp:term":[{"taxonomy":"category","embeddable":true,"href":"https:\/\/mspontocom.com.br\/site\/wp-json\/wp\/v2\/categories?post=171740"},{"taxonomy":"post_tag","embeddable":true,"href":"https:\/\/mspontocom.com.br\/site\/wp-json\/wp\/v2\/tags?post=171740"}],"curies":[{"name":"wp","href":"https:\/\/api.w.org\/{rel}","templated":true}]}}