{"id":171744,"date":"2022-06-16T14:05:45","date_gmt":"2022-06-16T18:05:45","guid":{"rendered":"https:\/\/mspontocom.com.br\/site\/?p=171744"},"modified":"2022-06-16T13:46:48","modified_gmt":"2022-06-16T17:46:48","slug":"tremenda-colaboracao-com-o-narcotrafico-diz-bolsonaro-sobre-fachin","status":"publish","type":"post","link":"https:\/\/mspontocom.com.br\/site\/tremenda-colaboracao-com-o-narcotrafico-diz-bolsonaro-sobre-fachin\/","title":{"rendered":"&#8220;Tremenda colabora\u00e7\u00e3o com o narcotr\u00e1fico\u2019, diz Bolsonaro sobre Fachin"},"content":{"rendered":"<p style=\"text-align: justify;\"><img loading=\"lazy\" class=\"alignnone size-medium wp-image-171755\" src=\"https:\/\/mspontocom.com.br\/site\/wp-content\/uploads\/2022\/06\/site-tremenda-colaboracao-com-o-narcotrafico-diz-bolsonaro-sobre-fachin-bolso-fachin-e1655377003782-260x149.jpg\" alt=\"\" width=\"260\" height=\"149\" srcset=\"https:\/\/mspontocom.com.br\/site\/wp-content\/uploads\/2022\/06\/site-tremenda-colaboracao-com-o-narcotrafico-diz-bolsonaro-sobre-fachin-bolso-fachin-e1655377003782-260x149.jpg 260w, https:\/\/mspontocom.com.br\/site\/wp-content\/uploads\/2022\/06\/site-tremenda-colaboracao-com-o-narcotrafico-diz-bolsonaro-sobre-fachin-bolso-fachin-e1655377003782-1024x587.jpg 1024w, https:\/\/mspontocom.com.br\/site\/wp-content\/uploads\/2022\/06\/site-tremenda-colaboracao-com-o-narcotrafico-diz-bolsonaro-sobre-fachin-bolso-fachin-e1655377003782-768x440.jpg 768w, https:\/\/mspontocom.com.br\/site\/wp-content\/uploads\/2022\/06\/site-tremenda-colaboracao-com-o-narcotrafico-diz-bolsonaro-sobre-fachin-bolso-fachin-e1655377003782.jpg 1062w\" sizes=\"(max-width: 260px) 100vw, 260px\" \/><\/p>\n<p style=\"text-align: justify;\">O presidente <strong>Jair Bolsonaro<\/strong> voltou a criticar membros do <strong>STF.<\/strong><\/p>\n<p style=\"text-align: justify;\">A fala aconteceu durante participa\u00e7\u00e3o em evento com empres\u00e1rios, em S\u00e3o Paulo.<\/p>\n<p style=\"text-align: justify;\">Na ocasi\u00e3o, o mandat\u00e1rio fez duros coment\u00e1rios sobre os ministros <strong>Alexandre de Moraes<\/strong>,\u00a0<strong>Lu\u00eds Roberto Barroso<\/strong>\u00a0e\u00a0<strong>Luiz Edson Fachin<\/strong>.<\/p>\n<p style=\"text-align: justify;\">Bolsonaro afirmou que uma decis\u00e3o do presidente do Tribunal Superior Eleitoral (TSE) para impedir a\u00e7\u00f5es policiais em comunidades no Rio de Janeiro contribuiu para o crescimento do narcotr\u00e1fico.<\/p>\n<p style=\"text-align: justify;\">\u201cNo morro do Rio, onde o Fachin disse que a pol\u00edcia n\u00e3o pode entrar, nem sobrevoar helic\u00f3pteros, est\u00e1 cheio de fuzis. Virou l\u00e1 um ref\u00fagio da bandidagem do Brasil todo. Parab\u00e9ns, ministro Fachin! <strong>Tremenda colabora\u00e7\u00e3o com o narcotr\u00e1fico<\/strong>, bandidagem de maneira geral&#8221;.\u00a0 desabafou o presidente.<\/p>\n<p style=\"text-align: justify;\">\u00a0O mandat\u00e1rio tamb\u00e9m voltou a dizer que venceu as elei\u00e7\u00f5es de 2018 no primeiro turno e que A\u00e9cio Neves teria vencido as elei\u00e7\u00f5es em 2014, quando <strong>Dilma Rousseff<\/strong>\u00a0foi eleita presidente.<\/p>\n","protected":false},"excerpt":{"rendered":"<p>O presidente Jair Bolsonaro voltou a criticar membros do STF. A fala aconteceu durante participa\u00e7\u00e3o em evento com empres\u00e1rios, em S\u00e3o Paulo. Na ocasi\u00e3o, o mandat\u00e1rio fez duros coment\u00e1rios sobre os ministros Alexandre de Moraes,\u00a0Lu\u00eds Roberto Barroso\u00a0e\u00a0Luiz Edson Fachin. Bolsonaro afirmou que uma decis\u00e3o do presidente do Tribunal Superior Eleitoral (TSE) para impedir a\u00e7\u00f5es policiais [&hellip;]<\/p>\n","protected":false},"author":2,"featured_media":171755,"comment_status":"open","ping_status":"open","sticky":false,"template":"","format":"standard","meta":{"_monsterinsights_skip_tracking":false,"_monsterinsights_sitenote_active":false,"_monsterinsights_sitenote_note":"","_monsterinsights_sitenote_category":0},"categories":[6,30260,30259],"tags":[21017,21908,13052,349,4378],"aioseo_notices":[],"_links":{"self":[{"href":"https:\/\/mspontocom.com.br\/site\/wp-json\/wp\/v2\/posts\/171744"}],"collection":[{"href":"https:\/\/mspontocom.com.br\/site\/wp-json\/wp\/v2\/posts"}],"about":[{"href":"https:\/\/mspontocom.com.br\/site\/wp-json\/wp\/v2\/types\/post"}],"author":[{"embeddable":true,"href":"https:\/\/mspontocom.com.br\/site\/wp-json\/wp\/v2\/users\/2"}],"replies":[{"embeddable":true,"href":"https:\/\/mspontocom.com.br\/site\/wp-json\/wp\/v2\/comments?post=171744"}],"version-history":[{"count":2,"href":"https:\/\/mspontocom.com.br\/site\/wp-json\/wp\/v2\/posts\/171744\/revisions"}],"predecessor-version":[{"id":171756,"href":"https:\/\/mspontocom.com.br\/site\/wp-json\/wp\/v2\/posts\/171744\/revisions\/171756"}],"wp:featuredmedia":[{"embeddable":true,"href":"https:\/\/mspontocom.com.br\/site\/wp-json\/wp\/v2\/media\/171755"}],"wp:attachment":[{"href":"https:\/\/mspontocom.com.br\/site\/wp-json\/wp\/v2\/media?parent=171744"}],"wp:term":[{"taxonomy":"category","embeddable":true,"href":"https:\/\/mspontocom.com.br\/site\/wp-json\/wp\/v2\/categories?post=171744"},{"taxonomy":"post_tag","embeddable":true,"href":"https:\/\/mspontocom.com.br\/site\/wp-json\/wp\/v2\/tags?post=171744"}],"curies":[{"name":"wp","href":"https:\/\/api.w.org\/{rel}","templated":true}]}}