{"id":171746,"date":"2022-06-16T16:25:27","date_gmt":"2022-06-16T20:25:27","guid":{"rendered":"https:\/\/mspontocom.com.br\/site\/?p=171746"},"modified":"2022-06-16T16:07:13","modified_gmt":"2022-06-16T20:07:13","slug":"desmatamento-da-amazonia-com-lula-foi-o-dobro-de-bolsonaro-atesta-inpe","status":"publish","type":"post","link":"https:\/\/mspontocom.com.br\/site\/desmatamento-da-amazonia-com-lula-foi-o-dobro-de-bolsonaro-atesta-inpe\/","title":{"rendered":"Desmatamento da Amaz\u00f4nia com Lula foi o dobro de Bolsonaro, atesta INPE"},"content":{"rendered":"<p style=\"text-align: justify;\"><img loading=\"lazy\" class=\"alignnone size-medium wp-image-171748\" src=\"https:\/\/mspontocom.com.br\/site\/wp-content\/uploads\/2022\/06\/site-desmatamento-da-com-lula-foi-o-dobro-de-bolsonaro-atesta-inpe-bolsolula1-e1655374083500-260x136.jpg\" alt=\"\" width=\"260\" height=\"136\" srcset=\"https:\/\/mspontocom.com.br\/site\/wp-content\/uploads\/2022\/06\/site-desmatamento-da-com-lula-foi-o-dobro-de-bolsonaro-atesta-inpe-bolsolula1-e1655374083500-260x136.jpg 260w, https:\/\/mspontocom.com.br\/site\/wp-content\/uploads\/2022\/06\/site-desmatamento-da-com-lula-foi-o-dobro-de-bolsonaro-atesta-inpe-bolsolula1-e1655374083500-768x403.jpg 768w, https:\/\/mspontocom.com.br\/site\/wp-content\/uploads\/2022\/06\/site-desmatamento-da-com-lula-foi-o-dobro-de-bolsonaro-atesta-inpe-bolsolula1-e1655374083500.jpg 799w\" sizes=\"(max-width: 260px) 100vw, 260px\" \/><\/p>\n<p style=\"text-align: justify;\">A campanha do petista<strong> Lula<\/strong> tenta usar o desaparecimento do jornalista e do indigenista para alardear que promover\u00e1 o \u201cdesmatamento zero\u201d na Amaz\u00f4nia, se for eleito.<\/p>\n<p style=\"text-align: justify;\">O problema \u00e9 que, segundo dados do <strong>INPE<\/strong>, a Amaz\u00f4nia Legal teve 72,2 mil km\u00b2 desmatados nos primeiros tr\u00eas anos do governo Lula.<\/p>\n<p style=\"text-align: justify;\"><strong>A \u00e1rea \u00e9 mais que o dobro<\/strong> (exatos 112,3%) maior que os 34 mil km\u00b2 registrados no mesmo per\u00edodo do governo Bolsonaro.<\/p>\n<div class=\"notas\" style=\"text-align: justify;\">\n<p>O maior desmatamento da Hist\u00f3ria do Brasil foi em 1995 com FHC: 29,1 mil km\u00b2. Lula \u00e9 segundo e terceiro com 27,8 mil (2004) e 25,4 (2003).<\/p>\n<p>Lula promete agora o desmatamento zero, mas em oito anos \u201cpermitiu\u201d o desmatamento de 125,5 mil km\u00b2. M\u00e9dia de 15,7 mil km\u00b2 por ano.<\/p>\n<div id=\"Nota-4\" class=\"entry-block ch-nota Nota-4\">\n<h3>Curiosidade<\/h3>\n<\/div>\n<p>Apesar do alarde de ONGs, a m\u00e9dia de desmatamento de Bolsonaro na Amaz\u00f4nia \u00e9 quase 30% menor que a de Lula: 11,3 mil km\u00b2 por ano.<\/p>\n<div id=\"Nota-5\" class=\"entry-block ch-nota Nota-5\">\n<h3><\/h3>\n<\/div>\n<\/div>\n<p style=\"text-align: justify;\">fontes: Tiago Vasconcelos e Andr\u00e9 Brito, Di\u00e1rio do Poder<\/p>\n","protected":false},"excerpt":{"rendered":"<p>A campanha do petista Lula tenta usar o desaparecimento do jornalista e do indigenista para alardear que promover\u00e1 o \u201cdesmatamento zero\u201d na Amaz\u00f4nia, se for eleito. O problema \u00e9 que, segundo dados do INPE, a Amaz\u00f4nia Legal teve 72,2 mil km\u00b2 desmatados nos primeiros tr\u00eas anos do governo Lula. A \u00e1rea \u00e9 mais que o [&hellip;]<\/p>\n","protected":false},"author":2,"featured_media":171748,"comment_status":"open","ping_status":"open","sticky":false,"template":"","format":"standard","meta":{"_monsterinsights_skip_tracking":false,"_monsterinsights_sitenote_active":false,"_monsterinsights_sitenote_note":"","_monsterinsights_sitenote_category":0},"categories":[6,30260,30259],"tags":[1474,21017,1407,480],"aioseo_notices":[],"_links":{"self":[{"href":"https:\/\/mspontocom.com.br\/site\/wp-json\/wp\/v2\/posts\/171746"}],"collection":[{"href":"https:\/\/mspontocom.com.br\/site\/wp-json\/wp\/v2\/posts"}],"about":[{"href":"https:\/\/mspontocom.com.br\/site\/wp-json\/wp\/v2\/types\/post"}],"author":[{"embeddable":true,"href":"https:\/\/mspontocom.com.br\/site\/wp-json\/wp\/v2\/users\/2"}],"replies":[{"embeddable":true,"href":"https:\/\/mspontocom.com.br\/site\/wp-json\/wp\/v2\/comments?post=171746"}],"version-history":[{"count":3,"href":"https:\/\/mspontocom.com.br\/site\/wp-json\/wp\/v2\/posts\/171746\/revisions"}],"predecessor-version":[{"id":171767,"href":"https:\/\/mspontocom.com.br\/site\/wp-json\/wp\/v2\/posts\/171746\/revisions\/171767"}],"wp:featuredmedia":[{"embeddable":true,"href":"https:\/\/mspontocom.com.br\/site\/wp-json\/wp\/v2\/media\/171748"}],"wp:attachment":[{"href":"https:\/\/mspontocom.com.br\/site\/wp-json\/wp\/v2\/media?parent=171746"}],"wp:term":[{"taxonomy":"category","embeddable":true,"href":"https:\/\/mspontocom.com.br\/site\/wp-json\/wp\/v2\/categories?post=171746"},{"taxonomy":"post_tag","embeddable":true,"href":"https:\/\/mspontocom.com.br\/site\/wp-json\/wp\/v2\/tags?post=171746"}],"curies":[{"name":"wp","href":"https:\/\/api.w.org\/{rel}","templated":true}]}}