{"id":171770,"date":"2022-06-17T16:39:10","date_gmt":"2022-06-17T20:39:10","guid":{"rendered":"https:\/\/mspontocom.com.br\/site\/?p=171770"},"modified":"2022-06-17T16:16:16","modified_gmt":"2022-06-17T20:16:16","slug":"pt-incentiva-brigadas-digitais-da-cut-e-ai-alexandre","status":"publish","type":"post","link":"https:\/\/mspontocom.com.br\/site\/pt-incentiva-brigadas-digitais-da-cut-e-ai-alexandre\/","title":{"rendered":"PT incentiva \u2018brigadas digitais\u2019 da CUT.  E a\u00ed, Alexandre?"},"content":{"rendered":"<p style=\"text-align: justify;\"><img loading=\"lazy\" class=\"alignnone size-medium wp-image-171778\" src=\"https:\/\/mspontocom.com.br\/site\/wp-content\/uploads\/2022\/06\/site-pt-incentiva-brigadas-digitais-da-cut-e-ai-alexandre-ale-e1655460880923-260x163.jpg\" alt=\"\" width=\"260\" height=\"163\" srcset=\"https:\/\/mspontocom.com.br\/site\/wp-content\/uploads\/2022\/06\/site-pt-incentiva-brigadas-digitais-da-cut-e-ai-alexandre-ale-e1655460880923-260x163.jpg 260w, https:\/\/mspontocom.com.br\/site\/wp-content\/uploads\/2022\/06\/site-pt-incentiva-brigadas-digitais-da-cut-e-ai-alexandre-ale-e1655460880923.jpg 640w\" sizes=\"(max-width: 260px) 100vw, 260px\" \/><\/p>\n<p style=\"text-align: justify;\">A presidente nacional do Partido dos Trabalhadores (PT), <strong>Gleisi Hoffmann<\/strong>, incentivou a <strong>CUT<\/strong> a intensificar as atividades das \u201c<strong>brigadas digitais\u201d<\/strong> na internet.<\/p>\n<p style=\"text-align: justify;\">Os sindicalistas contrataram uma empresa para fazer<strong> disparos em massa de mensagens<\/strong> pr\u00f3-Lula no WhatsApp.<\/p>\n<p style=\"text-align: justify;\">\u201cQueria falar da import\u00e2ncia das brigadas digitais\u201d, disse a petista. \u201cParabenizo a iniciativa da CUT. Precisamos estar mobilizados nas ruas durante esse per\u00edodo, mas tamb\u00e9m nas redes sociais. As brigadas digitais s\u00e3o muito importantes. Vou pedir que a companheirada ponha prioridade nisso.\u201d<\/p>\n<p style=\"text-align: justify;\">O ministro do STF Alexandre de Moraes que foi eleito como novo presidente do Tribunal Superior Eleitoral (TSE) afirmou que a Justi\u00e7a Federal <strong>\u201cn\u00e3o tolerar\u00e1 que mil\u00edcias digitais&#8221;.\u00a0<\/strong><\/p>\n<h2 style=\"text-align: justify;\"><strong>As \u2018brigadas digitais\u2019 da CUT<\/strong><\/h2>\n<p style=\"text-align: justify;\">V\u00eddeos divulgados pelo site\u00a0<em>Metr\u00f3poles<\/em>\u00a0mostram que a iniciativa da CUT tem conota\u00e7\u00e3o de campanha eleitoral.<\/p>\n<p style=\"text-align: justify;\">\u201cUma brigada digital \u00e9 nada mais que um grupo de<strong> WhatsApp\u201d<\/strong>, diz um dos dirigentes, Roni Barbosa. \u201cOrganize os mais vermelhinhos no grupo e vamos convencer a turma de que, neste ano, \u00e9 Lula.\u201d<\/p>\n<p style=\"text-align: justify;\">\n","protected":false},"excerpt":{"rendered":"<p>A presidente nacional do Partido dos Trabalhadores (PT), Gleisi Hoffmann, incentivou a CUT a intensificar as atividades das \u201cbrigadas digitais\u201d na internet. Os sindicalistas contrataram uma empresa para fazer disparos em massa de mensagens pr\u00f3-Lula no WhatsApp. \u201cQueria falar da import\u00e2ncia das brigadas digitais\u201d, disse a petista. \u201cParabenizo a iniciativa da CUT. Precisamos estar mobilizados [&hellip;]<\/p>\n","protected":false},"author":2,"featured_media":171778,"comment_status":"open","ping_status":"open","sticky":false,"template":"","format":"standard","meta":{"_monsterinsights_skip_tracking":false,"_monsterinsights_sitenote_active":false,"_monsterinsights_sitenote_note":"","_monsterinsights_sitenote_category":0},"categories":[6,30260,30259],"tags":[35723,5133,30608,38063,533,4378],"aioseo_notices":[],"_links":{"self":[{"href":"https:\/\/mspontocom.com.br\/site\/wp-json\/wp\/v2\/posts\/171770"}],"collection":[{"href":"https:\/\/mspontocom.com.br\/site\/wp-json\/wp\/v2\/posts"}],"about":[{"href":"https:\/\/mspontocom.com.br\/site\/wp-json\/wp\/v2\/types\/post"}],"author":[{"embeddable":true,"href":"https:\/\/mspontocom.com.br\/site\/wp-json\/wp\/v2\/users\/2"}],"replies":[{"embeddable":true,"href":"https:\/\/mspontocom.com.br\/site\/wp-json\/wp\/v2\/comments?post=171770"}],"version-history":[{"count":2,"href":"https:\/\/mspontocom.com.br\/site\/wp-json\/wp\/v2\/posts\/171770\/revisions"}],"predecessor-version":[{"id":171779,"href":"https:\/\/mspontocom.com.br\/site\/wp-json\/wp\/v2\/posts\/171770\/revisions\/171779"}],"wp:featuredmedia":[{"embeddable":true,"href":"https:\/\/mspontocom.com.br\/site\/wp-json\/wp\/v2\/media\/171778"}],"wp:attachment":[{"href":"https:\/\/mspontocom.com.br\/site\/wp-json\/wp\/v2\/media?parent=171770"}],"wp:term":[{"taxonomy":"category","embeddable":true,"href":"https:\/\/mspontocom.com.br\/site\/wp-json\/wp\/v2\/categories?post=171770"},{"taxonomy":"post_tag","embeddable":true,"href":"https:\/\/mspontocom.com.br\/site\/wp-json\/wp\/v2\/tags?post=171770"}],"curies":[{"name":"wp","href":"https:\/\/api.w.org\/{rel}","templated":true}]}}