{"id":171795,"date":"2022-06-18T07:10:32","date_gmt":"2022-06-18T11:10:32","guid":{"rendered":"https:\/\/mspontocom.com.br\/site\/?p=171795"},"modified":"2022-06-18T07:10:32","modified_gmt":"2022-06-18T11:10:32","slug":"quem-vencer-eleicao-mudara-a-historia-do-stf-diz-bolsonaro","status":"publish","type":"post","link":"https:\/\/mspontocom.com.br\/site\/quem-vencer-eleicao-mudara-a-historia-do-stf-diz-bolsonaro\/","title":{"rendered":"Quem vencer elei\u00e7\u00e3o \u201cmudar\u00e1 a hist\u00f3ria\u201d do STF, diz Bolsonaro"},"content":{"rendered":"<p style=\"text-align: justify;\"><img loading=\"lazy\" class=\"alignnone size-medium wp-image-171806\" src=\"https:\/\/mspontocom.com.br\/site\/wp-content\/uploads\/2022\/06\/site-quem-vencer-eleicao-mudara-a-historia-do-stf-diz-bolsonaro-barra-e1655550538872-260x140.jpeg\" alt=\"\" width=\"260\" height=\"140\" srcset=\"https:\/\/mspontocom.com.br\/site\/wp-content\/uploads\/2022\/06\/site-quem-vencer-eleicao-mudara-a-historia-do-stf-diz-bolsonaro-barra-e1655550538872-260x140.jpeg 260w, https:\/\/mspontocom.com.br\/site\/wp-content\/uploads\/2022\/06\/site-quem-vencer-eleicao-mudara-a-historia-do-stf-diz-bolsonaro-barra-e1655550538872-768x414.jpeg 768w, https:\/\/mspontocom.com.br\/site\/wp-content\/uploads\/2022\/06\/site-quem-vencer-eleicao-mudara-a-historia-do-stf-diz-bolsonaro-barra-e1655550538872.jpeg 786w\" sizes=\"(max-width: 260px) 100vw, 260px\" \/><\/p>\n<p style=\"text-align: justify;\">O presidente <strong>Jair Bolsonaro<\/strong> (PL) disse que tem a possibilidade de mudar a \u201chist\u00f3ria\u201d do STF\u00a0 em caso de reelei\u00e7\u00e3o.<\/p>\n<p style=\"text-align: justify;\">Mencionou as duas vagas que ficar\u00e3o dispon\u00edveis com as aposentadorias dos ministros <strong>Ricardo Lewandowski e Rosa Weber,<\/strong> ambas em 2023.<\/p>\n<p style=\"text-align: justify;\">\u201cQuem se eleger presidente ou se reeleger bota 2 no ano que vem. J\u00e1 se muda a hist\u00f3ria do Supremo Tribunal Federal\u201d, afirmou o presidente.<\/p>\n<p style=\"text-align: justify;\">Bolsonaro lembrou da promessa que fez aos evang\u00e9licos ao indicar o ministro Andr\u00e9 Mendon\u00e7a para o STF.<\/p>\n<p style=\"text-align: justify;\">&#8220;O sistema queria outro nome\u201d, disse.<\/p>\n<p style=\"text-align: justify;\">Al\u00e9m de indicar Mendon\u00e7a, que tomou posse em 16 de dezembro de 2021, Bolsonaro indicou tamb\u00e9m o ministro Nunes Marques, em 2 de outubro de 2020.<\/p>\n<p style=\"text-align: justify;\">Hoje, dos onze ministros do STF, sete foram indicados durantes os governos Lula e Dilma.<\/p>\n","protected":false},"excerpt":{"rendered":"<p>O presidente Jair Bolsonaro (PL) disse que tem a possibilidade de mudar a \u201chist\u00f3ria\u201d do STF\u00a0 em caso de reelei\u00e7\u00e3o. Mencionou as duas vagas que ficar\u00e3o dispon\u00edveis com as aposentadorias dos ministros Ricardo Lewandowski e Rosa Weber, ambas em 2023. \u201cQuem se eleger presidente ou se reeleger bota 2 no ano que vem. J\u00e1 se [&hellip;]<\/p>\n","protected":false},"author":2,"featured_media":171806,"comment_status":"open","ping_status":"open","sticky":false,"template":"","format":"standard","meta":{"_monsterinsights_skip_tracking":false,"_monsterinsights_sitenote_active":false,"_monsterinsights_sitenote_note":"","_monsterinsights_sitenote_category":0},"categories":[6,30260,30259],"tags":[21017,3014,347],"aioseo_notices":[],"_links":{"self":[{"href":"https:\/\/mspontocom.com.br\/site\/wp-json\/wp\/v2\/posts\/171795"}],"collection":[{"href":"https:\/\/mspontocom.com.br\/site\/wp-json\/wp\/v2\/posts"}],"about":[{"href":"https:\/\/mspontocom.com.br\/site\/wp-json\/wp\/v2\/types\/post"}],"author":[{"embeddable":true,"href":"https:\/\/mspontocom.com.br\/site\/wp-json\/wp\/v2\/users\/2"}],"replies":[{"embeddable":true,"href":"https:\/\/mspontocom.com.br\/site\/wp-json\/wp\/v2\/comments?post=171795"}],"version-history":[{"count":2,"href":"https:\/\/mspontocom.com.br\/site\/wp-json\/wp\/v2\/posts\/171795\/revisions"}],"predecessor-version":[{"id":171807,"href":"https:\/\/mspontocom.com.br\/site\/wp-json\/wp\/v2\/posts\/171795\/revisions\/171807"}],"wp:featuredmedia":[{"embeddable":true,"href":"https:\/\/mspontocom.com.br\/site\/wp-json\/wp\/v2\/media\/171806"}],"wp:attachment":[{"href":"https:\/\/mspontocom.com.br\/site\/wp-json\/wp\/v2\/media?parent=171795"}],"wp:term":[{"taxonomy":"category","embeddable":true,"href":"https:\/\/mspontocom.com.br\/site\/wp-json\/wp\/v2\/categories?post=171795"},{"taxonomy":"post_tag","embeddable":true,"href":"https:\/\/mspontocom.com.br\/site\/wp-json\/wp\/v2\/tags?post=171795"}],"curies":[{"name":"wp","href":"https:\/\/api.w.org\/{rel}","templated":true}]}}