{"id":171797,"date":"2022-06-18T07:04:39","date_gmt":"2022-06-18T11:04:39","guid":{"rendered":"https:\/\/mspontocom.com.br\/site\/?p=171797"},"modified":"2022-06-18T07:04:39","modified_gmt":"2022-06-18T11:04:39","slug":"lula-diz-que-pediu-a-fhc-que-libertasse-sequestradores-de-abilio-diniz","status":"publish","type":"post","link":"https:\/\/mspontocom.com.br\/site\/lula-diz-que-pediu-a-fhc-que-libertasse-sequestradores-de-abilio-diniz\/","title":{"rendered":"Lula diz que pediu a FHC que libertasse sequestradores de Ab\u00edlio Diniz"},"content":{"rendered":"<p style=\"text-align: justify;\"><img loading=\"lazy\" class=\"alignnone size-medium wp-image-171804\" src=\"https:\/\/mspontocom.com.br\/site\/wp-content\/uploads\/2022\/06\/site-lula-pediu-a-fhc-que-libertasse-sequestradores-de-abilio-diniz-lula-livre-rindo-e1655550091288-260x166.jpeg\" alt=\"\" width=\"260\" height=\"166\" srcset=\"https:\/\/mspontocom.com.br\/site\/wp-content\/uploads\/2022\/06\/site-lula-pediu-a-fhc-que-libertasse-sequestradores-de-abilio-diniz-lula-livre-rindo-e1655550091288-260x166.jpeg 260w, https:\/\/mspontocom.com.br\/site\/wp-content\/uploads\/2022\/06\/site-lula-pediu-a-fhc-que-libertasse-sequestradores-de-abilio-diniz-lula-livre-rindo-e1655550091288.jpeg 678w\" sizes=\"(max-width: 260px) 100vw, 260px\" \/><\/p>\n<p style=\"text-align: justify;\">O ex-presidente e pr\u00e9-candidato ao Pal\u00e1cio do Planalto Luiz In\u00e1cio Lula da Silva (PT) disse na 6\u00aa feira\u00a0 ter procurado o senador licenciado <strong>Renan Calheiros<\/strong> (MDB) e o ex-chefe do Executivo Fernando Henrique Cardoso (PSDB) para libertar os <strong>sequestradores do empres\u00e1rio Ab\u00edlio Diniz<\/strong> da pris\u00e3o.<\/p>\n<p style=\"text-align: justify;\">O caso relatado por <strong>Lula<\/strong> teria acontecido em 1998, quase 10 anos depois do sequestro de Diniz, em 1989.<\/p>\n<p style=\"text-align: justify;\">Entre os sequestradores estavam argentinos, chilenos, canadenses e um brasileiro \u2013os canadenses foram extraditados em 1998, em um acordo com o pa\u00eds da Am\u00e9rica do Norte.<\/p>\n<p style=\"text-align: justify;\">\u201cEsses jovens, que tinham argentinos, tinha gente da Am\u00e9rica Latina, ficaram presos 10 anos\u201d, relatou Lula em evento de pr\u00e9-campanha em Macei\u00f3 (AL).<\/p>\n<p style=\"text-align: justify;\">\u201cTeve um momento que eu fui conversar com o Fernando Henrique Cardoso porque eles estavam em greve de fome e iam entrar em greve seca\u201d, continuou o petista.<\/p>\n<p style=\"text-align: justify;\">&#8221; A\u00ed ent\u00e3o eu fui procurar o ministro da Justi\u00e7a chamado Renan Calheiros.\u201d<\/p>\n<p style=\"text-align: justify;\">Segundo Lula, FHC respondeu que libertaria os presos se o petista os convencesse a acabar com a greve de fome.<\/p>\n<p style=\"text-align: justify;\">\u201cE eu fui na cadeia no dia 31 de dezembro conversar com os meninos e falar: \u2018Olha, voc\u00eas v\u00e3o ter de dar a palavra para mim, voc\u00eas v\u00e3o ter de garantir pra mim, que v\u00e3o acabar com a greve de fome agora e voc\u00eas ser\u00e3o soltos\u2018\u201d, falou o ex-presidente.<\/p>\n<p style=\"text-align: justify;\">\u201cEles respeitaram a proposta, pararam a greve de fome e foram soltos\u201d disse. \u201c<\/p>\n<p>&nbsp;<\/p>\n<p>fonte: Di\u00e1rio do Poder<\/p>\n","protected":false},"excerpt":{"rendered":"<p>O ex-presidente e pr\u00e9-candidato ao Pal\u00e1cio do Planalto Luiz In\u00e1cio Lula da Silva (PT) disse na 6\u00aa feira\u00a0 ter procurado o senador licenciado Renan Calheiros (MDB) e o ex-chefe do Executivo Fernando Henrique Cardoso (PSDB) para libertar os sequestradores do empres\u00e1rio Ab\u00edlio Diniz da pris\u00e3o. O caso relatado por Lula teria acontecido em 1998, quase [&hellip;]<\/p>\n","protected":false},"author":2,"featured_media":171804,"comment_status":"open","ping_status":"open","sticky":false,"template":"","format":"standard","meta":{"_monsterinsights_skip_tracking":false,"_monsterinsights_sitenote_active":false,"_monsterinsights_sitenote_note":"","_monsterinsights_sitenote_category":0},"categories":[6,30260,30259],"tags":[3784,860,480,9868,38067],"aioseo_notices":[],"_links":{"self":[{"href":"https:\/\/mspontocom.com.br\/site\/wp-json\/wp\/v2\/posts\/171797"}],"collection":[{"href":"https:\/\/mspontocom.com.br\/site\/wp-json\/wp\/v2\/posts"}],"about":[{"href":"https:\/\/mspontocom.com.br\/site\/wp-json\/wp\/v2\/types\/post"}],"author":[{"embeddable":true,"href":"https:\/\/mspontocom.com.br\/site\/wp-json\/wp\/v2\/users\/2"}],"replies":[{"embeddable":true,"href":"https:\/\/mspontocom.com.br\/site\/wp-json\/wp\/v2\/comments?post=171797"}],"version-history":[{"count":2,"href":"https:\/\/mspontocom.com.br\/site\/wp-json\/wp\/v2\/posts\/171797\/revisions"}],"predecessor-version":[{"id":171805,"href":"https:\/\/mspontocom.com.br\/site\/wp-json\/wp\/v2\/posts\/171797\/revisions\/171805"}],"wp:featuredmedia":[{"embeddable":true,"href":"https:\/\/mspontocom.com.br\/site\/wp-json\/wp\/v2\/media\/171804"}],"wp:attachment":[{"href":"https:\/\/mspontocom.com.br\/site\/wp-json\/wp\/v2\/media?parent=171797"}],"wp:term":[{"taxonomy":"category","embeddable":true,"href":"https:\/\/mspontocom.com.br\/site\/wp-json\/wp\/v2\/categories?post=171797"},{"taxonomy":"post_tag","embeddable":true,"href":"https:\/\/mspontocom.com.br\/site\/wp-json\/wp\/v2\/tags?post=171797"}],"curies":[{"name":"wp","href":"https:\/\/api.w.org\/{rel}","templated":true}]}}