{"id":171825,"date":"2022-06-19T07:10:18","date_gmt":"2022-06-19T11:10:18","guid":{"rendered":"https:\/\/mspontocom.com.br\/site\/?p=171825"},"modified":"2022-06-19T07:10:18","modified_gmt":"2022-06-19T11:10:18","slug":"stf-forma-celula-politica-para-combater-bolsonaro-por-j-r-guzzo","status":"publish","type":"post","link":"https:\/\/mspontocom.com.br\/site\/stf-forma-celula-politica-para-combater-bolsonaro-por-j-r-guzzo\/","title":{"rendered":"STF forma c\u00e9lula pol\u00edtica para combater Bolsonaro. Por J.R.Guzzo"},"content":{"rendered":"<p class=\"author-details-title\"><img loading=\"lazy\" class=\"alignnone size-medium wp-image-171826\" src=\"https:\/\/mspontocom.com.br\/site\/wp-content\/uploads\/2022\/06\/site-stf-forma-celula-politica-para-combater-bolsonaro-stf-2-e8b5f394-e1655636882868-260x152.png\" alt=\"\" width=\"260\" height=\"152\" srcset=\"https:\/\/mspontocom.com.br\/site\/wp-content\/uploads\/2022\/06\/site-stf-forma-celula-politica-para-combater-bolsonaro-stf-2-e8b5f394-e1655636882868-260x152.png 260w, https:\/\/mspontocom.com.br\/site\/wp-content\/uploads\/2022\/06\/site-stf-forma-celula-politica-para-combater-bolsonaro-stf-2-e8b5f394-e1655636882868-768x449.png 768w, https:\/\/mspontocom.com.br\/site\/wp-content\/uploads\/2022\/06\/site-stf-forma-celula-politica-para-combater-bolsonaro-stf-2-e8b5f394-e1655636882868.png 788w\" sizes=\"(max-width: 260px) 100vw, 260px\" \/><\/p>\n<p>&nbsp;<\/p>\n<p class=\"author-details-title\">Coluna <a class=\"author-title\">J.R. Guzzo para o Jornal O Estado de S.Paulo<\/a><\/p>\n<p>&nbsp;<\/p>\n<p style=\"text-align: justify;\">O\u00a0<a href=\"https:\/\/tudo-sobre.estadao.com.br\/stf\" target=\"_blank\" rel=\"noopener\"><strong>STF<\/strong><\/a> deixou de ser um tribunal de justi\u00e7a e se transformou numa mil\u00edcia pol\u00edtica.<\/p>\n<p style=\"text-align: justify;\">Esse desvio de fun\u00e7\u00e3o, como se diz na linguagem dos advogados trabalhistas, j\u00e1 vem sendo constru\u00eddo h\u00e1 anos.<\/p>\n<p style=\"text-align: justify;\">Neste momento, \u00e0s v\u00e9speras da elei\u00e7\u00e3o presidencial de outubro, est\u00e1 chegando a seus limites extremos \u2013 t\u00e3o extremos que n\u00e3o d\u00e1 mais para saber, a esta altura, se existe algum limite. N\u00e3o se trata de opini\u00e3o.<\/p>\n<p style=\"text-align: justify;\">Trata-se simplesmente de constatar os fatos \u2013 e esses fatos provam que os ministros do STF abandonaram as atividades para as quais foram legalmente contratados e se tornaram militantes de um movimento pol\u00edtico que combate o governo e trabalha pela vit\u00f3ria do candidato da oposi\u00e7\u00e3o.<\/p>\n<p style=\"text-align: justify;\">O resto \u00e9 um espet\u00e1culo sem precedentes de hipocrisia em estado bruto.<\/p>\n<p style=\"text-align: justify;\">O STF conduz h\u00e1 tr\u00eas anos um inqu\u00e9rito ilegal para apurar \u201catos antidemocr\u00e1ticos\u201d e \u201cfake news\u201d, na verdade um processo de persegui\u00e7\u00e3o a aliados do governo \u2013 e a lei diz, sem deixar nenhuma d\u00favida, que o tribunal n\u00e3o pode fazer uma investiga\u00e7\u00e3o criminal.<\/p>\n<p style=\"text-align: justify;\">Prendeu durante nove meses um deputado federal sem que ele tivesse cometido crime inafian\u00e7\u00e1vel ou sido preso em flagrante.<\/p>\n<p style=\"text-align: justify;\">Condenou o mesmo deputado a quase nove anos de pris\u00e3o por ofensas cometidas atrav\u00e9s de opini\u00e3o \u2013 e a lei diz que os parlamentares s\u00e3o imunes quando manifestam \u201cquaisquer opini\u00f5es\u201d.<\/p>\n<p style=\"text-align: justify;\">Bloqueou a conta salarial do r\u00e9u. Bloqueou as contas de sua mulher, que n\u00e3o \u00e9 parte no processo. Pro\u00edbe que advogados tenham acesso aos autos.<\/p>\n<p class=\"styles__Container-rhi54a-0 cOgpju\" style=\"text-align: justify;\">O ministro que comanda o TSE, o bra\u00e7o eleitoral do STF, amea\u00e7a cassar registros de candidatura e prender gente; diz que n\u00e3o vai admitir que se repita \u201co que aconteceu em 2018\u2033.<\/p>\n<p class=\"styles__Container-rhi54a-0 cOgpju\" style=\"text-align: justify;\">O que aconteceu em 2018 foi a vit\u00f3ria eleitoral do atual presidente. \u00c9 isso o que o ministro quer proibir?<\/p>\n<p class=\"styles__Container-rhi54a-0 cOgpju\" style=\"text-align: justify;\">Ele diz estar atr\u00e1s de \u201cdisparos em massa\u201d e outras malversa\u00e7\u00f5es no uso eleitoral da internet \u2013 coisas que na sua opini\u00e3o o vencedor fez, como foi publicado \u201cna imprensa\u201d, mas que n\u00e3o se provou (a presidente do PT anuncia que vai fazer precisamente isso na presente campanha, com as \u201cbrigadas digitais\u201d da CUT. Por acaso o ministro vai cassar a candidatura Lula? Claro que n\u00e3o vai).<\/p>\n<p class=\"styles__Container-rhi54a-0 cOgpju\" style=\"text-align: justify;\">\u00c9 pura pol\u00edtica, feita por amadores \u2013 e tem chegado a atos de desespero, como a ordem para o governo resolver o desaparecimento de duas pessoas na selva amaz\u00f4nica, ou para o presidente explicar sua presen\u00e7a num desfile de motocicletas na Florida.<\/p>\n<p class=\"styles__Container-rhi54a-0 cOgpju\" style=\"text-align: justify;\">Nada desmoraliza tanto uma Corte Suprema quanto a sua degenera\u00e7\u00e3o em c\u00e9lula pol\u00edtica, e a prova est\u00e1 a\u00ed: s\u00f3 24% dos brasileiros respeita o STF. Esse n\u00famero, obviamente, \u00e9 um desastre. l<\/p>\n","protected":false},"excerpt":{"rendered":"<p>&nbsp; Coluna J.R. Guzzo para o Jornal O Estado de S.Paulo &nbsp; O\u00a0STF deixou de ser um tribunal de justi\u00e7a e se transformou numa mil\u00edcia pol\u00edtica. Esse desvio de fun\u00e7\u00e3o, como se diz na linguagem dos advogados trabalhistas, j\u00e1 vem sendo constru\u00eddo h\u00e1 anos. Neste momento, \u00e0s v\u00e9speras da elei\u00e7\u00e3o presidencial de outubro, est\u00e1 chegando [&hellip;]<\/p>\n","protected":false},"author":2,"featured_media":171826,"comment_status":"open","ping_status":"open","sticky":false,"template":"","format":"standard","meta":{"_monsterinsights_skip_tracking":false,"_monsterinsights_sitenote_active":false,"_monsterinsights_sitenote_note":"","_monsterinsights_sitenote_category":0},"categories":[30260,30259,12],"tags":[21017,38069,38070,3014],"aioseo_notices":[],"_links":{"self":[{"href":"https:\/\/mspontocom.com.br\/site\/wp-json\/wp\/v2\/posts\/171825"}],"collection":[{"href":"https:\/\/mspontocom.com.br\/site\/wp-json\/wp\/v2\/posts"}],"about":[{"href":"https:\/\/mspontocom.com.br\/site\/wp-json\/wp\/v2\/types\/post"}],"author":[{"embeddable":true,"href":"https:\/\/mspontocom.com.br\/site\/wp-json\/wp\/v2\/users\/2"}],"replies":[{"embeddable":true,"href":"https:\/\/mspontocom.com.br\/site\/wp-json\/wp\/v2\/comments?post=171825"}],"version-history":[{"count":1,"href":"https:\/\/mspontocom.com.br\/site\/wp-json\/wp\/v2\/posts\/171825\/revisions"}],"predecessor-version":[{"id":171827,"href":"https:\/\/mspontocom.com.br\/site\/wp-json\/wp\/v2\/posts\/171825\/revisions\/171827"}],"wp:featuredmedia":[{"embeddable":true,"href":"https:\/\/mspontocom.com.br\/site\/wp-json\/wp\/v2\/media\/171826"}],"wp:attachment":[{"href":"https:\/\/mspontocom.com.br\/site\/wp-json\/wp\/v2\/media?parent=171825"}],"wp:term":[{"taxonomy":"category","embeddable":true,"href":"https:\/\/mspontocom.com.br\/site\/wp-json\/wp\/v2\/categories?post=171825"},{"taxonomy":"post_tag","embeddable":true,"href":"https:\/\/mspontocom.com.br\/site\/wp-json\/wp\/v2\/tags?post=171825"}],"curies":[{"name":"wp","href":"https:\/\/api.w.org\/{rel}","templated":true}]}}