{"id":171852,"date":"2022-06-20T16:17:41","date_gmt":"2022-06-20T20:17:41","guid":{"rendered":"https:\/\/mspontocom.com.br\/site\/?p=171852"},"modified":"2022-06-20T15:57:55","modified_gmt":"2022-06-20T19:57:55","slug":"genro-de-abilio-diniz-critica-lula-sempre-do-lado-do-crime","status":"publish","type":"post","link":"https:\/\/mspontocom.com.br\/site\/genro-de-abilio-diniz-critica-lula-sempre-do-lado-do-crime\/","title":{"rendered":"Genro de Ab\u00edlio Diniz critica Lula: \u2018Sempre do lado do crime\u2019"},"content":{"rendered":"<p style=\"text-align: justify;\"><strong><img loading=\"lazy\" class=\"alignnone size-medium wp-image-171866\" src=\"https:\/\/mspontocom.com.br\/site\/wp-content\/uploads\/2022\/06\/site-genro-de-abilio-diniz-critica-lula-sempre-do-lado-do-crime-lula-preso-e1655727378630-260x134.jpg\" alt=\"\" width=\"260\" height=\"134\" srcset=\"https:\/\/mspontocom.com.br\/site\/wp-content\/uploads\/2022\/06\/site-genro-de-abilio-diniz-critica-lula-sempre-do-lado-do-crime-lula-preso-e1655727378630-260x134.jpg 260w, https:\/\/mspontocom.com.br\/site\/wp-content\/uploads\/2022\/06\/site-genro-de-abilio-diniz-critica-lula-sempre-do-lado-do-crime-lula-preso-e1655727378630.jpg 765w\" sizes=\"(max-width: 260px) 100vw, 260px\" \/><\/strong><\/p>\n<p style=\"text-align: justify;\"><strong>Luiz Felipe D\u00b4\u00c1vila,<\/strong> pr\u00e9-candidato \u00e0 Presid\u00eancia da Rep\u00fablica pelo Novo, criticou as recentes declara\u00e7\u00f5es do ex-presidente Luiz In\u00e1cio Lula da Silva (PT), que admitiu ter pedido a<strong> liberta\u00e7\u00e3o dos sequestradores de Ab\u00edlio Diniz.<\/strong><\/p>\n<p style=\"text-align: justify;\">\u201cDesde 1989, o PT negava que tinha rela\u00e7\u00e3o com os sequestradores de Ab\u00edlio\u201d, escreveu d\u2019Avila, que \u00e9 genro do empres\u00e1rio, em publica\u00e7\u00e3o Twitter.<\/p>\n<p style=\"text-align: justify;\">\u201cAgora, <strong>Lula<\/strong> confessou com todas as letras que participou ativamente da liberta\u00e7\u00e3o dos criminosos. Esse \u00e9 o PT. Esse \u00e9 o Lula. Sempre do lado do crime. E essa turma ainda quer voltar ao poder.\u201d<\/p>\n<p style=\"text-align: justify;\">\n","protected":false},"excerpt":{"rendered":"<p>Luiz Felipe D\u00b4\u00c1vila, pr\u00e9-candidato \u00e0 Presid\u00eancia da Rep\u00fablica pelo Novo, criticou as recentes declara\u00e7\u00f5es do ex-presidente Luiz In\u00e1cio Lula da Silva (PT), que admitiu ter pedido a liberta\u00e7\u00e3o dos sequestradores de Ab\u00edlio Diniz. \u201cDesde 1989, o PT negava que tinha rela\u00e7\u00e3o com os sequestradores de Ab\u00edlio\u201d, escreveu d\u2019Avila, que \u00e9 genro do empres\u00e1rio, em publica\u00e7\u00e3o [&hellip;]<\/p>\n","protected":false},"author":2,"featured_media":171866,"comment_status":"open","ping_status":"open","sticky":false,"template":"","format":"standard","meta":{"_monsterinsights_skip_tracking":false,"_monsterinsights_sitenote_active":false,"_monsterinsights_sitenote_note":"","_monsterinsights_sitenote_category":0},"categories":[6,30260,30259],"tags":[38073,979,480,38074],"aioseo_notices":[],"_links":{"self":[{"href":"https:\/\/mspontocom.com.br\/site\/wp-json\/wp\/v2\/posts\/171852"}],"collection":[{"href":"https:\/\/mspontocom.com.br\/site\/wp-json\/wp\/v2\/posts"}],"about":[{"href":"https:\/\/mspontocom.com.br\/site\/wp-json\/wp\/v2\/types\/post"}],"author":[{"embeddable":true,"href":"https:\/\/mspontocom.com.br\/site\/wp-json\/wp\/v2\/users\/2"}],"replies":[{"embeddable":true,"href":"https:\/\/mspontocom.com.br\/site\/wp-json\/wp\/v2\/comments?post=171852"}],"version-history":[{"count":2,"href":"https:\/\/mspontocom.com.br\/site\/wp-json\/wp\/v2\/posts\/171852\/revisions"}],"predecessor-version":[{"id":171867,"href":"https:\/\/mspontocom.com.br\/site\/wp-json\/wp\/v2\/posts\/171852\/revisions\/171867"}],"wp:featuredmedia":[{"embeddable":true,"href":"https:\/\/mspontocom.com.br\/site\/wp-json\/wp\/v2\/media\/171866"}],"wp:attachment":[{"href":"https:\/\/mspontocom.com.br\/site\/wp-json\/wp\/v2\/media?parent=171852"}],"wp:term":[{"taxonomy":"category","embeddable":true,"href":"https:\/\/mspontocom.com.br\/site\/wp-json\/wp\/v2\/categories?post=171852"},{"taxonomy":"post_tag","embeddable":true,"href":"https:\/\/mspontocom.com.br\/site\/wp-json\/wp\/v2\/tags?post=171852"}],"curies":[{"name":"wp","href":"https:\/\/api.w.org\/{rel}","templated":true}]}}