{"id":171877,"date":"2022-06-21T16:24:38","date_gmt":"2022-06-21T20:24:38","guid":{"rendered":"https:\/\/mspontocom.com.br\/site\/?p=171877"},"modified":"2022-06-21T15:54:59","modified_gmt":"2022-06-21T19:54:59","slug":"apos-novos-protestos-ministros-do-stf-fogem-de-evento-juridico","status":"publish","type":"post","link":"https:\/\/mspontocom.com.br\/site\/apos-novos-protestos-ministros-do-stf-fogem-de-evento-juridico\/","title":{"rendered":"Ap\u00f3s novos protestos, ministros do STF &#8220;fogem&#8221; de evento jur\u00eddico"},"content":{"rendered":"<p style=\"text-align: justify;\"><img loading=\"lazy\" class=\"alignnone size-medium wp-image-171887\" src=\"https:\/\/mspontocom.com.br\/site\/wp-content\/uploads\/2022\/06\/site-apos-protestos-toffoli-e-carmen-lucia-desistem-de-evento-juridico-stf1-e1655806973319-260x139.jpg\" alt=\"\" width=\"260\" height=\"139\" srcset=\"https:\/\/mspontocom.com.br\/site\/wp-content\/uploads\/2022\/06\/site-apos-protestos-toffoli-e-carmen-lucia-desistem-de-evento-juridico-stf1-e1655806973319-260x139.jpg 260w, https:\/\/mspontocom.com.br\/site\/wp-content\/uploads\/2022\/06\/site-apos-protestos-toffoli-e-carmen-lucia-desistem-de-evento-juridico-stf1-e1655806973319-768x410.jpg 768w, https:\/\/mspontocom.com.br\/site\/wp-content\/uploads\/2022\/06\/site-apos-protestos-toffoli-e-carmen-lucia-desistem-de-evento-juridico-stf1-e1655806973319.jpg 990w\" sizes=\"(max-width: 260px) 100vw, 260px\" \/><\/p>\n<p style=\"text-align: justify;\">Os ministros <strong>C\u00e1rmen L\u00facia<\/strong> e <strong>Dias Toffoli<\/strong>, do STF, desistiram de participar de um evento de Direito na cidade de Gramado, na Serra ga\u00facha, ap\u00f3s o in\u00edcio de uma<strong> onda de protestos.<\/strong><\/p>\n<p style=\"text-align: justify;\">O ministro Dias Toffoli alegou <strong>\u201cquest\u00f5es de seguran\u00e7a\u201d<\/strong> e informou por sua assessoria que participar\u00e1 virtualmente da Jornada Internacional de Direito, tanto quanto sua colega.<\/p>\n<p style=\"text-align: justify;\">A onde de protestos contra a presen\u00e7a de ministros do STF na Serra Ga\u00facha come\u00e7ou quando chegou a ser confirmada a participa\u00e7\u00e3o do presidente da Corte, ministro Luiz Fux, em um jantar-palestra em Bento Gon\u00e7alves.<\/p>\n<p style=\"text-align: justify;\">O \u201cdesconvite\u201d foi transformado em cancelamento tamb\u00e9m \u201cpor razoes de seguran\u00e7a\u201d.<\/p>\n<div id=\"ddp-ads-AD-51\" data-google-query-id=\"CIj35KSkvvgCFTIxuQYd5uYLCQ\">\n<div id=\"google_ads_iframe_\/21727414016\/AD-51_0__container__\" style=\"text-align: justify;\">Tanto quanto em Bento Gon\u00e7alves, em Gramado os patrocinadores retiraram apoio ao evento jur\u00eddico.<\/div>\n<\/div>\n<p>&nbsp;<\/p>\n","protected":false},"excerpt":{"rendered":"<p>Os ministros C\u00e1rmen L\u00facia e Dias Toffoli, do STF, desistiram de participar de um evento de Direito na cidade de Gramado, na Serra ga\u00facha, ap\u00f3s o in\u00edcio de uma onda de protestos. O ministro Dias Toffoli alegou \u201cquest\u00f5es de seguran\u00e7a\u201d e informou por sua assessoria que participar\u00e1 virtualmente da Jornada Internacional de Direito, tanto quanto [&hellip;]<\/p>\n","protected":false},"author":2,"featured_media":171887,"comment_status":"open","ping_status":"open","sticky":false,"template":"","format":"standard","meta":{"_monsterinsights_skip_tracking":false,"_monsterinsights_sitenote_active":false,"_monsterinsights_sitenote_note":"","_monsterinsights_sitenote_category":0},"categories":[6,30260,30259],"tags":[38076,587,1886,3014],"aioseo_notices":[],"_links":{"self":[{"href":"https:\/\/mspontocom.com.br\/site\/wp-json\/wp\/v2\/posts\/171877"}],"collection":[{"href":"https:\/\/mspontocom.com.br\/site\/wp-json\/wp\/v2\/posts"}],"about":[{"href":"https:\/\/mspontocom.com.br\/site\/wp-json\/wp\/v2\/types\/post"}],"author":[{"embeddable":true,"href":"https:\/\/mspontocom.com.br\/site\/wp-json\/wp\/v2\/users\/2"}],"replies":[{"embeddable":true,"href":"https:\/\/mspontocom.com.br\/site\/wp-json\/wp\/v2\/comments?post=171877"}],"version-history":[{"count":2,"href":"https:\/\/mspontocom.com.br\/site\/wp-json\/wp\/v2\/posts\/171877\/revisions"}],"predecessor-version":[{"id":171888,"href":"https:\/\/mspontocom.com.br\/site\/wp-json\/wp\/v2\/posts\/171877\/revisions\/171888"}],"wp:featuredmedia":[{"embeddable":true,"href":"https:\/\/mspontocom.com.br\/site\/wp-json\/wp\/v2\/media\/171887"}],"wp:attachment":[{"href":"https:\/\/mspontocom.com.br\/site\/wp-json\/wp\/v2\/media?parent=171877"}],"wp:term":[{"taxonomy":"category","embeddable":true,"href":"https:\/\/mspontocom.com.br\/site\/wp-json\/wp\/v2\/categories?post=171877"},{"taxonomy":"post_tag","embeddable":true,"href":"https:\/\/mspontocom.com.br\/site\/wp-json\/wp\/v2\/tags?post=171877"}],"curies":[{"name":"wp","href":"https:\/\/api.w.org\/{rel}","templated":true}]}}