{"id":171879,"date":"2022-06-21T06:18:55","date_gmt":"2022-06-21T10:18:55","guid":{"rendered":"https:\/\/mspontocom.com.br\/site\/?p=171879"},"modified":"2022-06-21T06:18:55","modified_gmt":"2022-06-21T10:18:55","slug":"defesa-enquadra-tse-e-militares-vao-fiscalizar-as-urnas-eletronicas","status":"publish","type":"post","link":"https:\/\/mspontocom.com.br\/site\/defesa-enquadra-tse-e-militares-vao-fiscalizar-as-urnas-eletronicas\/","title":{"rendered":"Defesa enquadra TSE e militares v\u00e3o fiscalizar as urnas eletr\u00f4nicas"},"content":{"rendered":"<p style=\"text-align: justify;\"><img loading=\"lazy\" class=\"alignnone size-medium wp-image-171885\" src=\"https:\/\/mspontocom.com.br\/site\/wp-content\/uploads\/2022\/06\/site-defesa-diz-ao-tse-que-militares-ra-fiscalizar-as-urnas-eletronicas-exercito-urnas-divulgacao-comando-militar-sul-e1655806559973-260x127.jpg\" alt=\"\" width=\"260\" height=\"127\" srcset=\"https:\/\/mspontocom.com.br\/site\/wp-content\/uploads\/2022\/06\/site-defesa-diz-ao-tse-que-militares-ra-fiscalizar-as-urnas-eletronicas-exercito-urnas-divulgacao-comando-militar-sul-e1655806559973-260x127.jpg 260w, https:\/\/mspontocom.com.br\/site\/wp-content\/uploads\/2022\/06\/site-defesa-diz-ao-tse-que-militares-ra-fiscalizar-as-urnas-eletronicas-exercito-urnas-divulgacao-comando-militar-sul-e1655806559973.jpg 595w\" sizes=\"(max-width: 260px) 100vw, 260px\" \/><\/p>\n<p style=\"text-align: justify;\">O ministro da Defesa, Paulo S\u00e9rgio Nogueira, enviou um novo of\u00edcio ao presidente do TSE, <strong>Edson Fachin<\/strong>, no qual informa que encaminhar\u00e1 nomes de t\u00e9cnicos militares para atuarem como <strong>representantes das For\u00e7as Armadas<\/strong> na fiscaliza\u00e7\u00e3o das urnas eletr\u00f4nicas.<\/p>\n<p style=\"text-align: justify;\">Segundo um servidor do TSE, o documento enviado pelo Minist\u00e9rio foi recebido com surpresa, pois n\u00e3o h\u00e1 precedentes na hist\u00f3ria da Justi\u00e7a Eleitoral.<\/p>\n<p style=\"text-align: justify;\">No documento enviado a Fachin, o ministro da Defesa diz que \u201ca participa\u00e7\u00e3o das For\u00e7as Armadas como entidade fiscalizadora do sistema eletr\u00f4nico de vota\u00e7\u00e3o\u201d ocorrer\u00e1 de \u201cforma conjunta\u201d, por meio de uma equipe de t\u00e9cnicos militares que o Minist\u00e9rio ficar\u00e1 respons\u00e1vel por nomear.<\/p>\n<p style=\"text-align: justify;\">O ministro da Defesa ainda solicitou que o TSE indique um servidor do tribunal \u201cpara atuar como ponto de contato\u201d com os militares, \u201ca fim de facilitar a coordena\u00e7\u00e3o das a\u00e7\u00f5es que efetivem a aludida participa\u00e7\u00e3o\u201d.<\/p>\n<p style=\"text-align: justify;\">As demandas do Minist\u00e9rio vieram antes mesmo de Fachin responder ao pedido para que ocorresse uma reuni\u00e3o entre os t\u00e9cnicos das institui\u00e7\u00f5es.<\/p>\n<p style=\"text-align: justify;\">\n<p style=\"text-align: justify;\">\n","protected":false},"excerpt":{"rendered":"<p>O ministro da Defesa, Paulo S\u00e9rgio Nogueira, enviou um novo of\u00edcio ao presidente do TSE, Edson Fachin, no qual informa que encaminhar\u00e1 nomes de t\u00e9cnicos militares para atuarem como representantes das For\u00e7as Armadas na fiscaliza\u00e7\u00e3o das urnas eletr\u00f4nicas. Segundo um servidor do TSE, o documento enviado pelo Minist\u00e9rio foi recebido com surpresa, pois n\u00e3o h\u00e1 [&hellip;]<\/p>\n","protected":false},"author":2,"featured_media":171885,"comment_status":"open","ping_status":"open","sticky":false,"template":"","format":"standard","meta":{"_monsterinsights_skip_tracking":false,"_monsterinsights_sitenote_active":false,"_monsterinsights_sitenote_note":"","_monsterinsights_sitenote_category":0},"categories":[6,30260,30259],"tags":[38075,28587,182,25419,4378],"aioseo_notices":[],"_links":{"self":[{"href":"https:\/\/mspontocom.com.br\/site\/wp-json\/wp\/v2\/posts\/171879"}],"collection":[{"href":"https:\/\/mspontocom.com.br\/site\/wp-json\/wp\/v2\/posts"}],"about":[{"href":"https:\/\/mspontocom.com.br\/site\/wp-json\/wp\/v2\/types\/post"}],"author":[{"embeddable":true,"href":"https:\/\/mspontocom.com.br\/site\/wp-json\/wp\/v2\/users\/2"}],"replies":[{"embeddable":true,"href":"https:\/\/mspontocom.com.br\/site\/wp-json\/wp\/v2\/comments?post=171879"}],"version-history":[{"count":2,"href":"https:\/\/mspontocom.com.br\/site\/wp-json\/wp\/v2\/posts\/171879\/revisions"}],"predecessor-version":[{"id":171886,"href":"https:\/\/mspontocom.com.br\/site\/wp-json\/wp\/v2\/posts\/171879\/revisions\/171886"}],"wp:featuredmedia":[{"embeddable":true,"href":"https:\/\/mspontocom.com.br\/site\/wp-json\/wp\/v2\/media\/171885"}],"wp:attachment":[{"href":"https:\/\/mspontocom.com.br\/site\/wp-json\/wp\/v2\/media?parent=171879"}],"wp:term":[{"taxonomy":"category","embeddable":true,"href":"https:\/\/mspontocom.com.br\/site\/wp-json\/wp\/v2\/categories?post=171879"},{"taxonomy":"post_tag","embeddable":true,"href":"https:\/\/mspontocom.com.br\/site\/wp-json\/wp\/v2\/tags?post=171879"}],"curies":[{"name":"wp","href":"https:\/\/api.w.org\/{rel}","templated":true}]}}