{"id":171883,"date":"2022-06-21T16:30:07","date_gmt":"2022-06-21T20:30:07","guid":{"rendered":"https:\/\/mspontocom.com.br\/site\/?p=171883"},"modified":"2022-06-21T15:56:41","modified_gmt":"2022-06-21T19:56:41","slug":"menino-sequestrador-de-abilio-diniz-matou-vigilante-de-banco-em-2020","status":"publish","type":"post","link":"https:\/\/mspontocom.com.br\/site\/menino-sequestrador-de-abilio-diniz-matou-vigilante-de-banco-em-2020\/","title":{"rendered":"&#8220;Menino&#8221; sequestrador de Ab\u00edlio Diniz matou vigilante de banco em 2020"},"content":{"rendered":"<p style=\"text-align: justify;\"><img loading=\"lazy\" class=\"alignnone size-medium wp-image-171890\" src=\"https:\/\/mspontocom.com.br\/site\/wp-content\/uploads\/2022\/06\/site-menino-sequestrador-de-abilio-diniz-matou-vigilante-de-banco-em-2020-lula-livre-rindo-e1655809540219-260x161.jpeg\" alt=\"\" width=\"260\" height=\"161\" srcset=\"https:\/\/mspontocom.com.br\/site\/wp-content\/uploads\/2022\/06\/site-menino-sequestrador-de-abilio-diniz-matou-vigilante-de-banco-em-2020-lula-livre-rindo-e1655809540219-260x161.jpeg 260w, https:\/\/mspontocom.com.br\/site\/wp-content\/uploads\/2022\/06\/site-menino-sequestrador-de-abilio-diniz-matou-vigilante-de-banco-em-2020-lula-livre-rindo-e1655809540219.jpeg 690w\" sizes=\"(max-width: 260px) 100vw, 260px\" \/><\/p>\n<p style=\"text-align: justify;\">Um dos sequestradores do empres\u00e1rio <strong>Ab\u00edlio Diniz<\/strong>\u00a0matou o vigilante de um banco no Chile em <strong>abril de 2020<\/strong>, em uma tentativa de assalto.<\/p>\n<p style=\"text-align: justify;\">Sergio Martin Olivares Urtubia, 69 anos, atirou na cabe\u00e7a de Victor Hugo Illanes Mena, 40 anos, durante a fuga.<\/p>\n<p style=\"text-align: justify;\">Ele foi preso no mesmo dia do assassinato.<\/p>\n<p style=\"text-align: justify;\">\u00a0De acordo com publica\u00e7\u00f5es de amigos nas redes sociais, Mena deixou a mulher e tr\u00eas filhos.<\/p>\n<p style=\"text-align: justify;\">Urtubia, de origem chilena, participou do sequestro de Diniz no Brasil em 1989 ao lado de compatriotas, argentinos, canadenses e um brasileiro.<\/p>\n<p style=\"text-align: justify;\">O crime voltou a ser assunto entre brasileiros depois de<strong> Lula<\/strong> revelar ter pedido ao ent\u00e3o presdiente <strong>Fernando Henrique Cardoso<\/strong> a liberta\u00e7\u00e3o dos criminosos.<\/p>\n<div class=\"ad-wrap ad-\" style=\"text-align: justify;\">\n<div id=\"div-gam-materia_2\" class=\"jms-ad\" data-slot-id=\"div-gam-materia_2\" data-google-query-id=\"CLWYg7alvvgCFYuAlQIdgOQJkw\"><\/div>\n<\/div>\n<p style=\"text-align: justify;\">fonte: Revista Oeste<\/p>\n","protected":false},"excerpt":{"rendered":"<p>Um dos sequestradores do empres\u00e1rio Ab\u00edlio Diniz\u00a0matou o vigilante de um banco no Chile em abril de 2020, em uma tentativa de assalto. Sergio Martin Olivares Urtubia, 69 anos, atirou na cabe\u00e7a de Victor Hugo Illanes Mena, 40 anos, durante a fuga. Ele foi preso no mesmo dia do assassinato. \u00a0De acordo com publica\u00e7\u00f5es de [&hellip;]<\/p>\n","protected":false},"author":2,"featured_media":171890,"comment_status":"open","ping_status":"open","sticky":false,"template":"","format":"standard","meta":{"_monsterinsights_skip_tracking":false,"_monsterinsights_sitenote_active":false,"_monsterinsights_sitenote_note":"","_monsterinsights_sitenote_category":0},"categories":[6,30260,30259],"tags":[3784,38078,480,38077],"aioseo_notices":[],"_links":{"self":[{"href":"https:\/\/mspontocom.com.br\/site\/wp-json\/wp\/v2\/posts\/171883"}],"collection":[{"href":"https:\/\/mspontocom.com.br\/site\/wp-json\/wp\/v2\/posts"}],"about":[{"href":"https:\/\/mspontocom.com.br\/site\/wp-json\/wp\/v2\/types\/post"}],"author":[{"embeddable":true,"href":"https:\/\/mspontocom.com.br\/site\/wp-json\/wp\/v2\/users\/2"}],"replies":[{"embeddable":true,"href":"https:\/\/mspontocom.com.br\/site\/wp-json\/wp\/v2\/comments?post=171883"}],"version-history":[{"count":2,"href":"https:\/\/mspontocom.com.br\/site\/wp-json\/wp\/v2\/posts\/171883\/revisions"}],"predecessor-version":[{"id":171892,"href":"https:\/\/mspontocom.com.br\/site\/wp-json\/wp\/v2\/posts\/171883\/revisions\/171892"}],"wp:featuredmedia":[{"embeddable":true,"href":"https:\/\/mspontocom.com.br\/site\/wp-json\/wp\/v2\/media\/171890"}],"wp:attachment":[{"href":"https:\/\/mspontocom.com.br\/site\/wp-json\/wp\/v2\/media?parent=171883"}],"wp:term":[{"taxonomy":"category","embeddable":true,"href":"https:\/\/mspontocom.com.br\/site\/wp-json\/wp\/v2\/categories?post=171883"},{"taxonomy":"post_tag","embeddable":true,"href":"https:\/\/mspontocom.com.br\/site\/wp-json\/wp\/v2\/tags?post=171883"}],"curies":[{"name":"wp","href":"https:\/\/api.w.org\/{rel}","templated":true}]}}