{"id":171908,"date":"2022-06-22T06:27:21","date_gmt":"2022-06-22T10:27:21","guid":{"rendered":"https:\/\/mspontocom.com.br\/site\/?p=171908"},"modified":"2022-06-22T06:27:21","modified_gmt":"2022-06-22T10:27:21","slug":"j","status":"publish","type":"post","link":"https:\/\/mspontocom.com.br\/site\/j\/","title":{"rendered":"Jair Bolsonaro: \u201cApanhar 24 horas por dia n\u00e3o \u00e9 f\u00e1cil, n\u00e3o\u201d"},"content":{"rendered":"<p style=\"text-align: justify;\"><img loading=\"lazy\" class=\"alignnone size-medium wp-image-171910\" src=\"https:\/\/mspontocom.com.br\/site\/wp-content\/uploads\/2022\/06\/site-jair-bolsonaro-apanhar-24-horas-por-dia-nao-e-facil-nao-bolsonaro-61-e1655893566486-260x165.jpg\" alt=\"\" width=\"260\" height=\"165\" srcset=\"https:\/\/mspontocom.com.br\/site\/wp-content\/uploads\/2022\/06\/site-jair-bolsonaro-apanhar-24-horas-por-dia-nao-e-facil-nao-bolsonaro-61-e1655893566486-260x165.jpg 260w, https:\/\/mspontocom.com.br\/site\/wp-content\/uploads\/2022\/06\/site-jair-bolsonaro-apanhar-24-horas-por-dia-nao-e-facil-nao-bolsonaro-61-e1655893566486.jpg 451w\" sizes=\"(max-width: 260px) 100vw, 260px\" \/><\/p>\n<p style=\"text-align: justify;\">Em conversa com apoiadores na volta ao Pal\u00e1cio da Alvorada, o presidente <strong>Jair Bolsonaro afirmou que est\u00e1 cansado de\u00a0<em>\u201capanhar 24 horas por dia\u201d.<\/em><\/strong><\/p>\n<p style=\"text-align: justify;\">Ao se aproximar do cercadinho , um correligion\u00e1rio perguntou ao presidente da Rep\u00fablica: <em>\u201cEst\u00e1 cansado, presidente?\u201d<\/em><\/p>\n<p style=\"text-align: justify;\">Ele respondeu:<em> \u201c Apanhar 24 horas por dia n\u00e3o \u00e9 f\u00e1cil, n\u00e3o\u201d.<\/em><\/p>\n<p style=\"text-align: justify;\">Desde a semana passada,\u00a0<strong>Jair Bolsonaro tem sido criticado pelos sucessivos aumentos de pre\u00e7os de combust\u00edveis<\/strong>.<\/p>\n<p style=\"text-align: justify;\">\n<p>fonte: O Antagonista<\/p>\n","protected":false},"excerpt":{"rendered":"<p>Em conversa com apoiadores na volta ao Pal\u00e1cio da Alvorada, o presidente Jair Bolsonaro afirmou que est\u00e1 cansado de\u00a0\u201capanhar 24 horas por dia\u201d. Ao se aproximar do cercadinho , um correligion\u00e1rio perguntou ao presidente da Rep\u00fablica: \u201cEst\u00e1 cansado, presidente?\u201d Ele respondeu: \u201c Apanhar 24 horas por dia n\u00e3o \u00e9 f\u00e1cil, n\u00e3o\u201d. Desde a semana passada,\u00a0Jair [&hellip;]<\/p>\n","protected":false},"author":2,"featured_media":171910,"comment_status":"open","ping_status":"open","sticky":false,"template":"","format":"standard","meta":{"_monsterinsights_skip_tracking":false,"_monsterinsights_sitenote_active":false,"_monsterinsights_sitenote_note":"","_monsterinsights_sitenote_category":0},"categories":[6,30260,30259],"tags":[38081,38080,21017],"aioseo_notices":[],"_links":{"self":[{"href":"https:\/\/mspontocom.com.br\/site\/wp-json\/wp\/v2\/posts\/171908"}],"collection":[{"href":"https:\/\/mspontocom.com.br\/site\/wp-json\/wp\/v2\/posts"}],"about":[{"href":"https:\/\/mspontocom.com.br\/site\/wp-json\/wp\/v2\/types\/post"}],"author":[{"embeddable":true,"href":"https:\/\/mspontocom.com.br\/site\/wp-json\/wp\/v2\/users\/2"}],"replies":[{"embeddable":true,"href":"https:\/\/mspontocom.com.br\/site\/wp-json\/wp\/v2\/comments?post=171908"}],"version-history":[{"count":2,"href":"https:\/\/mspontocom.com.br\/site\/wp-json\/wp\/v2\/posts\/171908\/revisions"}],"predecessor-version":[{"id":171911,"href":"https:\/\/mspontocom.com.br\/site\/wp-json\/wp\/v2\/posts\/171908\/revisions\/171911"}],"wp:featuredmedia":[{"embeddable":true,"href":"https:\/\/mspontocom.com.br\/site\/wp-json\/wp\/v2\/media\/171910"}],"wp:attachment":[{"href":"https:\/\/mspontocom.com.br\/site\/wp-json\/wp\/v2\/media?parent=171908"}],"wp:term":[{"taxonomy":"category","embeddable":true,"href":"https:\/\/mspontocom.com.br\/site\/wp-json\/wp\/v2\/categories?post=171908"},{"taxonomy":"post_tag","embeddable":true,"href":"https:\/\/mspontocom.com.br\/site\/wp-json\/wp\/v2\/tags?post=171908"}],"curies":[{"name":"wp","href":"https:\/\/api.w.org\/{rel}","templated":true}]}}