{"id":171931,"date":"2022-06-23T05:46:32","date_gmt":"2022-06-23T09:46:32","guid":{"rendered":"https:\/\/mspontocom.com.br\/site\/?p=171931"},"modified":"2022-06-23T05:46:32","modified_gmt":"2022-06-23T09:46:32","slug":"evangelicos-evitam-milton-ribeiro-e-seguem-na-defesa-de-bolsonaro","status":"publish","type":"post","link":"https:\/\/mspontocom.com.br\/site\/evangelicos-evitam-milton-ribeiro-e-seguem-na-defesa-de-bolsonaro\/","title":{"rendered":"Evang\u00e9licos evitam Milton Ribeiro e seguem na defesa de Bolsonaro"},"content":{"rendered":"<p style=\"text-align: justify;\"><img loading=\"lazy\" class=\"alignnone size-medium wp-image-171939\" src=\"http:\/\/mspontocom.com.br\/site\/wp-content\/uploads\/2022\/06\/site-evangelicos-evitam-milton-ribeiro-e-seguem-na-defesa-de-bolsonaro-bancada-evangelica-urna-e1655977451783-260x148.jpg\" alt=\"\" width=\"260\" height=\"148\" srcset=\"https:\/\/mspontocom.com.br\/site\/wp-content\/uploads\/2022\/06\/site-evangelicos-evitam-milton-ribeiro-e-seguem-na-defesa-de-bolsonaro-bancada-evangelica-urna-e1655977451783-260x148.jpg 260w, https:\/\/mspontocom.com.br\/site\/wp-content\/uploads\/2022\/06\/site-evangelicos-evitam-milton-ribeiro-e-seguem-na-defesa-de-bolsonaro-bancada-evangelica-urna-e1655977451783-768x436.jpg 768w, https:\/\/mspontocom.com.br\/site\/wp-content\/uploads\/2022\/06\/site-evangelicos-evitam-milton-ribeiro-e-seguem-na-defesa-de-bolsonaro-bancada-evangelica-urna-e1655977451783.jpg 782w\" sizes=\"(max-width: 260px) 100vw, 260px\" \/><\/p>\n<p style=\"text-align: justify;\">A<strong> bancada evang\u00e9lica<\/strong> quer isolar politicamente a pris\u00e3o do ex-ministro da Educa\u00e7\u00e3o <strong>Milton Ribeiro,<\/strong> da Igreja Presbiteriana, e dos pastores da Assembleia de Deus Cristo Para Todos.<\/p>\n<p style=\"text-align: justify;\">Aliada de primeira hora do presidente <strong>Jair Bolsonaro<\/strong>, a <strong>Frente Parlamentar Evang\u00e9lica<\/strong> admite o desgaste que o esc\u00e2ndalo traz para a campanha \u00e0 reelei\u00e7\u00e3o.<\/p>\n<p style=\"text-align: justify;\">Seus integrantes se dizem \u201cconstrangidos\u201d com o caso protagonizado por evang\u00e9licos, mas pretendem manter o apoio a Bolsonaro e ajudar na rea\u00e7\u00e3o do Pal\u00e1cio do Planalto.<\/p>\n<p class=\"styles__Container-rhi54a-0 cOgpju\" style=\"text-align: justify;\">Apesar de ser evang\u00e9lico, o ministro n\u00e3o era um apadrinhado da bancada.<\/p>\n<p class=\"styles__Container-rhi54a-0 cOgpju\" style=\"text-align: justify;\">Tampouco os pastores Arilton e Gilmar tinham rela\u00e7\u00f5es pol\u00edticas com a frente.<\/p>\n<p class=\"styles__Container-rhi54a-0 cOgpju\" style=\"text-align: justify;\">Para n\u00e3o ver apoiadores da pauta anticorrup\u00e7\u00e3o se desgarrando ainda mais entre os conservadores evang\u00e9licos,<strong> Bolsonaro<\/strong> manteve a programa\u00e7\u00e3o de participar no s\u00e1bado da Marcha Para Jesus, em Balne\u00e1rio Cambori\u00fa (SC).<\/p>\n<p class=\"styles__Container-rhi54a-0 cOgpju\" style=\"text-align: justify;\">O presidente da Frente Parlamentar Evang\u00e9lica, deputado\u00a0<strong>S\u00f3stenes Cavalcante<\/strong> (PL-RJ), diz que o esc\u00e2ndalo n\u00e3o vai afetar a ades\u00e3o a Bolsonaro no segmento.<\/p>\n<p class=\"styles__Container-rhi54a-0 cOgpju\" style=\"text-align: justify;\">O pastor <strong>Marco Feliciano<\/strong>\u00a0(PL-SP) foi um dos primeiros a reconhecer que a pris\u00e3o do ministro e dos pastores-lobistas causa \u201cprofundo constrangimento\u201d na comunidade protestante, em especial nas Assembleias de Deus, ramo do qual ele faz parte.<\/p>\n<p class=\"styles__Container-rhi54a-0 cOgpju\" style=\"text-align: justify;\">\u201c\u00c9 um dia muito triste para a igreja evang\u00e9lica de vertente pentecostal\u201d, disse Feliciano.<\/p>\n<p class=\"styles__Container-rhi54a-0 cOgpju\" style=\"text-align: justify;\">O pastor <strong>Silas Malafaia<\/strong> l\u00edder da Assembleia de Deus Vit\u00f3ria em Cristo, lembrou que cobrou \u201cinvestiga\u00e7\u00e3o total\u201d do caso, em mar\u00e7o.<\/p>\n<p class=\"styles__Container-rhi54a-0 cOgpju\" style=\"text-align: justify;\">Os evang\u00e9licos tamb\u00e9m deram o tom de compara\u00e7\u00e3o com esc\u00e2ndalos de corrup\u00e7\u00e3o em governos do <strong>PT,<\/strong> estrat\u00e9gia que o comit\u00ea bolsonarista quer emplacar para evitar uma sangria maior.<\/p>\n<p class=\"styles__Container-rhi54a-0 cOgpju\" style=\"text-align: justify;\">Para eles, n\u00e3o h\u00e1 base para compara\u00e7\u00e3o com casos como mensal\u00e3o e petrol\u00e3o.<\/p>\n<p class=\"styles__Container-rhi54a-0 cOgpju\" style=\"text-align: justify;\">\u201cBolsonaro tem que fazer do lim\u00e3o uma limonada, \u00e9 s\u00f3 saber comunicar. No meu governo a gente afasta e vai preso, no do PT tentavam dar imunidade, nomear como ministro, como aconteceu com Lula\u201d, cita S\u00f3stenes.<\/p>\n<p style=\"text-align: justify;\">\n<p style=\"text-align: justify;\">fonte: O Estado<\/p>\n<p>foto: Revista Comunh\u00e3o<\/p>\n","protected":false},"excerpt":{"rendered":"<p>A bancada evang\u00e9lica quer isolar politicamente a pris\u00e3o do ex-ministro da Educa\u00e7\u00e3o Milton Ribeiro, da Igreja Presbiteriana, e dos pastores da Assembleia de Deus Cristo Para Todos. Aliada de primeira hora do presidente Jair Bolsonaro, a Frente Parlamentar Evang\u00e9lica admite o desgaste que o esc\u00e2ndalo traz para a campanha \u00e0 reelei\u00e7\u00e3o. Seus integrantes se dizem [&hellip;]<\/p>\n","protected":false},"author":2,"featured_media":171939,"comment_status":"open","ping_status":"open","sticky":false,"template":"","format":"standard","meta":{"_monsterinsights_skip_tracking":false,"_monsterinsights_sitenote_active":false,"_monsterinsights_sitenote_note":"","_monsterinsights_sitenote_category":0},"categories":[30260,30259,12],"tags":[3546,21017,38090,38089],"aioseo_notices":[],"_links":{"self":[{"href":"https:\/\/mspontocom.com.br\/site\/wp-json\/wp\/v2\/posts\/171931"}],"collection":[{"href":"https:\/\/mspontocom.com.br\/site\/wp-json\/wp\/v2\/posts"}],"about":[{"href":"https:\/\/mspontocom.com.br\/site\/wp-json\/wp\/v2\/types\/post"}],"author":[{"embeddable":true,"href":"https:\/\/mspontocom.com.br\/site\/wp-json\/wp\/v2\/users\/2"}],"replies":[{"embeddable":true,"href":"https:\/\/mspontocom.com.br\/site\/wp-json\/wp\/v2\/comments?post=171931"}],"version-history":[{"count":2,"href":"https:\/\/mspontocom.com.br\/site\/wp-json\/wp\/v2\/posts\/171931\/revisions"}],"predecessor-version":[{"id":171940,"href":"https:\/\/mspontocom.com.br\/site\/wp-json\/wp\/v2\/posts\/171931\/revisions\/171940"}],"wp:featuredmedia":[{"embeddable":true,"href":"https:\/\/mspontocom.com.br\/site\/wp-json\/wp\/v2\/media\/171939"}],"wp:attachment":[{"href":"https:\/\/mspontocom.com.br\/site\/wp-json\/wp\/v2\/media?parent=171931"}],"wp:term":[{"taxonomy":"category","embeddable":true,"href":"https:\/\/mspontocom.com.br\/site\/wp-json\/wp\/v2\/categories?post=171931"},{"taxonomy":"post_tag","embeddable":true,"href":"https:\/\/mspontocom.com.br\/site\/wp-json\/wp\/v2\/tags?post=171931"}],"curies":[{"name":"wp","href":"https:\/\/api.w.org\/{rel}","templated":true}]}}