{"id":171966,"date":"2022-06-24T17:00:24","date_gmt":"2022-06-24T21:00:24","guid":{"rendered":"https:\/\/mspontocom.com.br\/site\/?p=171966"},"modified":"2022-06-24T16:30:40","modified_gmt":"2022-06-24T20:30:40","slug":"bolsonaro-critica-juiz-que-determinou-prisao-de-ex-ministro-incompetente","status":"publish","type":"post","link":"https:\/\/mspontocom.com.br\/site\/bolsonaro-critica-juiz-que-determinou-prisao-de-ex-ministro-incompetente\/","title":{"rendered":"Bolsonaro critica juiz que determinou pris\u00e3o de ex-ministro: &#8220;Incompetente&#8221;"},"content":{"rendered":"<p style=\"text-align: justify;\"><img loading=\"lazy\" class=\"alignnone size-medium wp-image-171974\" src=\"https:\/\/mspontocom.com.br\/site\/wp-content\/uploads\/2022\/06\/site-bolsonaro-critica-juiz-que-determinou-prisao-de-ex-ministro-inco-bolsonaro-61-e1656064724947-260x168.jpg\" alt=\"\" width=\"260\" height=\"168\" srcset=\"https:\/\/mspontocom.com.br\/site\/wp-content\/uploads\/2022\/06\/site-bolsonaro-critica-juiz-que-determinou-prisao-de-ex-ministro-inco-bolsonaro-61-e1656064724947-260x168.jpg 260w, https:\/\/mspontocom.com.br\/site\/wp-content\/uploads\/2022\/06\/site-bolsonaro-critica-juiz-que-determinou-prisao-de-ex-ministro-inco-bolsonaro-61-e1656064724947.jpg 452w\" sizes=\"(max-width: 260px) 100vw, 260px\" \/><\/p>\n<p style=\"text-align: justify;\">O presidente <strong>Jair Bolsonaro<\/strong>, durante sua live semanal criticou o juiz federal <strong>Renato Borelli<\/strong> por autorizar a pris\u00e3o do ex-ministro <strong>Milton Ribeiro<\/strong> da Educa\u00e7\u00e3o.<\/p>\n<p style=\"text-align: justify;\">&#8220;O juiz que decretou a pris\u00e3o foi o mesmo que o ano passado deu uma senten\u00e7a preliminar para cada vez que algu\u00e9m me visse sem m\u00e1scara, ia me multar em R$ 2 mil, sem comprova\u00e7\u00e3o cient\u00edfica nenhum sobre a m\u00e1scara, algu\u00e9m me via na rua, R$ 2 mil para o presidente&#8221;, come\u00e7ou.<\/p>\n<p style=\"text-align: justify;\">Bolsonaro ainda apontou que o juiz determinou a\u00e7\u00f5es contra o <strong>S\u00e9rgio Camargo<\/strong>, apoiador do presidente e ex-presidente da Funda\u00e7\u00e3o Cultural Palmares, e <strong>&#8220;v\u00e1rias outras a\u00e7\u00f5es contra o governo&#8221;<\/strong> que foram arquivadas.<\/p>\n<p style=\"text-align: justify;\">Segundo o presidente, os arquivamentos das decis\u00f5es de Borelli mostram<strong> &#8220;incompet\u00eancia dele&#8221;<\/strong> e destacou que o MPF , que tem &#8220;ju\u00edzes s\u00e9rios&#8221;, foi contr\u00e1rio \u00e0 decis\u00e3o da pris\u00e3o de Milton.<\/p>\n<p style=\"text-align: justify;\">Na transmiss\u00e3o , Bolsonaro argumentou que &#8220;o tipo de corrup\u00e7\u00e3o da qual Ribeiro \u00e9 acusado n\u00e3o se compara a casos de governos anteriores&#8221; por se tratar de suposto tr\u00e1fico de influ\u00eancia na libera\u00e7\u00e3o de recursos da pasta a prefeituras por intermedia\u00e7\u00e3o de dois pastores.<\/p>\n","protected":false},"excerpt":{"rendered":"<p>O presidente Jair Bolsonaro, durante sua live semanal criticou o juiz federal Renato Borelli por autorizar a pris\u00e3o do ex-ministro Milton Ribeiro da Educa\u00e7\u00e3o. &#8220;O juiz que decretou a pris\u00e3o foi o mesmo que o ano passado deu uma senten\u00e7a preliminar para cada vez que algu\u00e9m me visse sem m\u00e1scara, ia me multar em R$ [&hellip;]<\/p>\n","protected":false},"author":2,"featured_media":171974,"comment_status":"open","ping_status":"open","sticky":false,"template":"","format":"standard","meta":{"_monsterinsights_skip_tracking":false,"_monsterinsights_sitenote_active":false,"_monsterinsights_sitenote_note":"","_monsterinsights_sitenote_category":0},"categories":[6,30260,30259],"tags":[36515,24747,23663,1789,6528,38089,38096],"aioseo_notices":[],"_links":{"self":[{"href":"https:\/\/mspontocom.com.br\/site\/wp-json\/wp\/v2\/posts\/171966"}],"collection":[{"href":"https:\/\/mspontocom.com.br\/site\/wp-json\/wp\/v2\/posts"}],"about":[{"href":"https:\/\/mspontocom.com.br\/site\/wp-json\/wp\/v2\/types\/post"}],"author":[{"embeddable":true,"href":"https:\/\/mspontocom.com.br\/site\/wp-json\/wp\/v2\/users\/2"}],"replies":[{"embeddable":true,"href":"https:\/\/mspontocom.com.br\/site\/wp-json\/wp\/v2\/comments?post=171966"}],"version-history":[{"count":3,"href":"https:\/\/mspontocom.com.br\/site\/wp-json\/wp\/v2\/posts\/171966\/revisions"}],"predecessor-version":[{"id":172001,"href":"https:\/\/mspontocom.com.br\/site\/wp-json\/wp\/v2\/posts\/171966\/revisions\/172001"}],"wp:featuredmedia":[{"embeddable":true,"href":"https:\/\/mspontocom.com.br\/site\/wp-json\/wp\/v2\/media\/171974"}],"wp:attachment":[{"href":"https:\/\/mspontocom.com.br\/site\/wp-json\/wp\/v2\/media?parent=171966"}],"wp:term":[{"taxonomy":"category","embeddable":true,"href":"https:\/\/mspontocom.com.br\/site\/wp-json\/wp\/v2\/categories?post=171966"},{"taxonomy":"post_tag","embeddable":true,"href":"https:\/\/mspontocom.com.br\/site\/wp-json\/wp\/v2\/tags?post=171966"}],"curies":[{"name":"wp","href":"https:\/\/api.w.org\/{rel}","templated":true}]}}